{"id":65238,"date":"2023-11-01T21:50:32","date_gmt":"2023-11-02T00:50:32","guid":{"rendered":"https:\/\/vocesparalelas.com.ar\/sitio\/?p=65238"},"modified":"2023-11-01T21:50:32","modified_gmt":"2023-11-02T00:50:32","slug":"el-ing-agustin-rossi-llega-a-san-juan","status":"publish","type":"post","link":"https:\/\/vocesparalelas.com.ar\/sitio\/el-ing-agustin-rossi-llega-a-san-juan\/","title":{"rendered":"El Ing. Agust\u00edn Rossi llega a San Juan"},"content":{"rendered":"<p>El jefe de Gabinete de Ministros y candidato a vicepresidente del frente Uni\u00f3n por la Patria, Ing. Agust\u00edn Rossi, de la f\u00f3rmula con el Dr. Sergio Massa, llega a San Juan el Jueves, 2 de Noviembre, con una agenda institucional y pol\u00edtica, en el marco de la campa\u00f1a electoral de cara al balotaje a la Presidente de Argentina, el Domingo, 19 de Noviembre de 2023.<\/p>\n<p>A la 10 hs.; se desarrolla los saludos protocolares al gobernador de San Juan, Dr. Sergio U\u00f1ac, en la sala Gobernador Eloy Camus de Casa de Gobierno, posteriormente, conferencia de prensa.<\/p>\n<p>La agenda del candidato a vicepresidente contin\u00faa con una visita al departamento San Mart\u00edn, donde, acompa\u00f1ado por el gobernador, recorre la obra del barrio Caraballo, financiado por el Programa Reconstruir del Ministerio de Vivienda y H\u00e1bitat de la Naci\u00f3n.<\/p>\n<p>La actividad de Rossi contin\u00faa a la hora 12 hs.; en el cierre del Programa de Acompa\u00f1antes Comunitarios de Sedronar, en el Auditorio del Museo Provincial de Bellas Artes Franklin Rawson, donde dirige unas palabras a los presentes.<\/p>\n<p>Luego, de un breve descanso en la agenda, Rossi participa de una clase p\u00fablica de la Universidad Nacional de San Juan, en el Espacio Verde de la Facultad de Ciencias Sociales, Departamento Rivadavia, a las 15,30 hs. Despu\u00e9s se re\u00fane con autoridades de la UNSJ.<\/p>\n<p>El cierre de la jornada es a las 19 hs.; con un acto militante en la sede del PJ San Juan.<\/p>\n<p>Por la noche, el jefe de Gabinete de Ministros y candidato a vicepresidente del frente Uni\u00f3n por la Patria, Ing. Agust\u00edn Rossi y comitiva viajan a la provincia de Catamarca.<\/p>\n<p>&nbsp;<\/p>\n<p>&nbsp;<\/p>\n<p>&nbsp;<\/p>\n<p>&nbsp;<\/p>\n","protected":false},"excerpt":{"rendered":"<p>El jefe de Gabinete de Ministros y candidato a vicepresidente del frente Uni\u00f3n por la Patria, Ing. Agust\u00edn Rossi, de<\/p>\n","protected":false},"author":3,"featured_media":65241,"comment_status":"closed","ping_status":"closed","sticky":false,"template":"","format":"standard","meta":{"_acf_changed":false,"_seopress_robots_primary_cat":"none","_seopress_titles_title":"","_seopress_titles_desc":"","_seopress_robots_index":"","colormag_page_container_layout":"default_layout","colormag_page_sidebar_layout":"default_layout","footnotes":""},"categories":[1],"tags":[],"class_list":["post-65238","post","type-post","status-publish","format-standard","has-post-thumbnail","hentry","category-destacadas"],"acf":[],"_links":{"self":[{"href":"https:\/\/vocesparalelas.com.ar\/sitio\/wp-json\/wp\/v2\/posts\/65238","targetHints":{"allow":["GET"]}}],"collection":[{"href":"https:\/\/vocesparalelas.com.ar\/sitio\/wp-json\/wp\/v2\/posts"}],"about":[{"href":"https:\/\/vocesparalelas.com.ar\/sitio\/wp-json\/wp\/v2\/types\/post"}],"author":[{"embeddable":true,"href":"https:\/\/vocesparalelas.com.ar\/sitio\/wp-json\/wp\/v2\/users\/3"}],"replies":[{"embeddable":true,"href":"https:\/\/vocesparalelas.com.ar\/sitio\/wp-json\/wp\/v2\/comments?post=65238"}],"version-history":[{"count":1,"href":"https:\/\/vocesparalelas.com.ar\/sitio\/wp-json\/wp\/v2\/posts\/65238\/revisions"}],"predecessor-version":[{"id":65242,"href":"https:\/\/vocesparalelas.com.ar\/sitio\/wp-json\/wp\/v2\/posts\/65238\/revisions\/65242"}],"wp:featuredmedia":[{"embeddable":true,"href":"https:\/\/vocesparalelas.com.ar\/sitio\/wp-json\/wp\/v2\/media\/65241"}],"wp:attachment":[{"href":"https:\/\/vocesparalelas.com.ar\/sitio\/wp-json\/wp\/v2\/media?parent=65238"}],"wp:term":[{"taxonomy":"category","embeddable":true,"href":"https:\/\/vocesparalelas.com.ar\/sitio\/wp-json\/wp\/v2\/categories?post=65238"},{"taxonomy":"post_tag","embeddable":true,"href":"https:\/\/vocesparalelas.com.ar\/sitio\/wp-json\/wp\/v2\/tags?post=65238"}],"curies":[{"name":"wp","href":"https:\/\/api.w.org\/{rel}","templated":true}]}}