{"id":65231,"date":"2023-11-01T20:10:21","date_gmt":"2023-11-01T23:10:21","guid":{"rendered":"https:\/\/vocesparalelas.com.ar\/sitio\/?p=65231"},"modified":"2023-11-03T00:55:21","modified_gmt":"2023-11-03T03:55:21","slug":"ingreso-al-4o-ano-del-ciclo-orientado-del-instituto-preuniversitario-ccumm-de-la-unsj","status":"publish","type":"post","link":"https:\/\/vocesparalelas.com.ar\/sitio\/ingreso-al-4o-ano-del-ciclo-orientado-del-instituto-preuniversitario-ccumm-de-la-unsj\/","title":{"rendered":"Ingreso al 4\u00ba a\u00f1o del Ciclo Orientado del Instituto Preuniversitario CCUMM de la UNSJ"},"content":{"rendered":"<p>El Colegio Central Universitario \u201cMariano Moreno\u201d &#8211; CCUMM &#8211; de la UNSJ informa que ya est\u00e1n las fechas relacionadas con el examen de ingreso al 4\u00ba a\u00f1o del Ciclo Orientado de este Instituto Preuniversitario. El examen nivelador ser\u00e1 el 7 de diciembre de 2023 a las 8 hs. Integra conocimientos b\u00e1sicos de las \u00e1reas de Matem\u00e1tica, Lengua, Ciencias Sociales (Historia, Geograf\u00eda) y Ciencias Naturales (F\u00edsica, Qu\u00edmica, Biolog\u00eda).<\/p>\n<p><span style=\"color: #ff6600;\"><strong>Pre-Inscripci\u00f3n<\/strong><\/span><\/p>\n<p>Se realiza en la Web del CCUMM<\/p>\n<p><a href=\"https:\/\/www.ccu.unsj.edu.ar\/home\">https:\/\/www.ccu.unsj.edu.ar\/home<\/a><\/p>\n<p>Desde el 15 al 17 de Noviembre de 2023.<\/p>\n<p><span style=\"color: #ff6600;\"><strong>Inscripci\u00f3n y Recepci\u00f3n de la Documentaci\u00f3n<\/strong><\/span><\/p>\n<p>22, 23 y 24 de noviembre de 2023 de 8 a 12 horas en el Colegio Central Universitario \u201cMariano Moreno\u201d.<\/p>\n<p><strong><span style=\"color: #ff6600;\">Presentar<\/span><\/strong><\/p>\n<ul>\n<li>Ficha de Inscripci\u00f3n (se completa en el Colegio).<\/li>\n<li>D.N.I.<\/li>\n<li>Certificado provisorio debidamente firmado y sellado (el preimpreso se adquiere en el Colegio).<\/li>\n<li>Libreta o certificado de conducta.<\/li>\n<\/ul>\n<p><span style=\"color: #ff6600;\"><strong>Fecha del Examen<\/strong><\/span><\/p>\n<p>7\/12\/2023 a las 8 h<\/p>\n<p>Asistir al examen con guardapolvo o uniforme de la escuela a la que asiste. Traer comprobante de inscripci\u00f3n y documento como tambi\u00e9n bol\u00edgrafo azul o negro, l\u00e1piz negro, goma, corrector, elementos de geometr\u00eda y calculadora.<\/p>\n<p><span style=\"color: #ff6600;\"><strong>Publicaci\u00f3n de los Resultados<\/strong><\/span><\/p>\n<p>13\/12\/2023 &#8211; de 14 a 18 horas en el local del Colegio Central Universitario \u201cMariano Moreno\u201d.<\/p>\n<p>Para ver los ex\u00e1menes deber\u00e1 presentar una solicitud preimpresa en el Colegio Central Universitario \u201cMariano Moreno\u201d el d\u00eda 13\/12\/2023 de 14 a 18 h.<\/p>\n<p><span style=\"color: #ff6600;\"><strong>Muestra de Examen<\/strong><\/span><\/p>\n<p>14\/12\/2023 &#8211; de 14 a 15 horas en el local del Colegio Central Universitario \u201cMariano Moreno\u201d<\/p>\n<p>Inscripci\u00f3n y confirmaci\u00f3n de la Modalidad: 15\/12\/2023 &#8211; de 8 a 12 horas en el local del Colegio Central Universitario \u201cMariano Moreno\u201d.<\/p>\n<p><span style=\"color: #ff6600;\"><strong>Inscripci\u00f3n Definitiva<\/strong><\/span><\/p>\n<p><span style=\"color: #ff6600;\"><strong>Requisitos<\/strong><\/span><\/p>\n<ul>\n<li>Solicitud de inscripci\u00f3n: se obtiene en el momento<\/li>\n<li>Foto carnet<\/li>\n<li>Copia de Libreta de 3\u00ba a\u00f1o Ciclo B\u00e1sico, a\u00f1o 2023.<\/li>\n<li>Certificado anal\u00edtico del Ciclo B\u00e1sico completo al 2023.<\/li>\n<li>Carpeta colgante.<\/li>\n<li>Partida de nacimiento.<\/li>\n<li>Fotocopia del D.N.I.<\/li>\n<li>Certificado de salud expedido por la Direcci\u00f3n de Salud<\/li>\n<li>Universitaria. El mismo debe estar completo al inicio del ciclo lectivo 2024.<\/li>\n<li>Contribuci\u00f3n a la Asociaci\u00f3n de Padres<\/li>\n<\/ul>\n<p><img loading=\"lazy\" decoding=\"async\" class=\"alignnone size-full wp-image-37900\" src=\"https:\/\/vocesparalelas.com.ar\/sitio\/wp-content\/uploads\/2021\/05\/UNSJ-LOGOTIPO-01.jpg\" alt=\"\" width=\"800\" height=\"533\" srcset=\"https:\/\/vocesparalelas.com.ar\/sitio\/wp-content\/uploads\/2021\/05\/UNSJ-LOGOTIPO-01.jpg 800w, https:\/\/vocesparalelas.com.ar\/sitio\/wp-content\/uploads\/2021\/05\/UNSJ-LOGOTIPO-01-300x200.jpg 300w, https:\/\/vocesparalelas.com.ar\/sitio\/wp-content\/uploads\/2021\/05\/UNSJ-LOGOTIPO-01-768x512.jpg 768w\" sizes=\"auto, (max-width: 800px) 100vw, 800px\" \/><\/p>\n","protected":false},"excerpt":{"rendered":"<p>El Colegio Central Universitario \u201cMariano Moreno\u201d &#8211; CCUMM &#8211; de la UNSJ informa que ya est\u00e1n las fechas relacionadas con<\/p>\n","protected":false},"author":3,"featured_media":26639,"comment_status":"closed","ping_status":"closed","sticky":false,"template":"","format":"standard","meta":{"_acf_changed":false,"_seopress_robots_primary_cat":"none","_seopress_titles_title":"","_seopress_titles_desc":"","_seopress_robots_index":"","colormag_page_container_layout":"default_layout","colormag_page_sidebar_layout":"default_layout","footnotes":""},"categories":[5],"tags":[],"class_list":["post-65231","post","type-post","status-publish","format-standard","has-post-thumbnail","hentry","category-ofrecimientos"],"acf":[],"_links":{"self":[{"href":"https:\/\/vocesparalelas.com.ar\/sitio\/wp-json\/wp\/v2\/posts\/65231","targetHints":{"allow":["GET"]}}],"collection":[{"href":"https:\/\/vocesparalelas.com.ar\/sitio\/wp-json\/wp\/v2\/posts"}],"about":[{"href":"https:\/\/vocesparalelas.com.ar\/sitio\/wp-json\/wp\/v2\/types\/post"}],"author":[{"embeddable":true,"href":"https:\/\/vocesparalelas.com.ar\/sitio\/wp-json\/wp\/v2\/users\/3"}],"replies":[{"embeddable":true,"href":"https:\/\/vocesparalelas.com.ar\/sitio\/wp-json\/wp\/v2\/comments?post=65231"}],"version-history":[{"count":1,"href":"https:\/\/vocesparalelas.com.ar\/sitio\/wp-json\/wp\/v2\/posts\/65231\/revisions"}],"predecessor-version":[{"id":65234,"href":"https:\/\/vocesparalelas.com.ar\/sitio\/wp-json\/wp\/v2\/posts\/65231\/revisions\/65234"}],"wp:featuredmedia":[{"embeddable":true,"href":"https:\/\/vocesparalelas.com.ar\/sitio\/wp-json\/wp\/v2\/media\/26639"}],"wp:attachment":[{"href":"https:\/\/vocesparalelas.com.ar\/sitio\/wp-json\/wp\/v2\/media?parent=65231"}],"wp:term":[{"taxonomy":"category","embeddable":true,"href":"https:\/\/vocesparalelas.com.ar\/sitio\/wp-json\/wp\/v2\/categories?post=65231"},{"taxonomy":"post_tag","embeddable":true,"href":"https:\/\/vocesparalelas.com.ar\/sitio\/wp-json\/wp\/v2\/tags?post=65231"}],"curies":[{"name":"wp","href":"https:\/\/api.w.org\/{rel}","templated":true}]}}