{"id":65222,"date":"2023-11-01T19:24:28","date_gmt":"2023-11-01T22:24:28","guid":{"rendered":"https:\/\/vocesparalelas.com.ar\/sitio\/?p=65222"},"modified":"2023-11-03T00:56:35","modified_gmt":"2023-11-03T03:56:35","slug":"linea-de-credito-crear-inversion-federal-pyme-en-san-juan","status":"publish","type":"post","link":"https:\/\/vocesparalelas.com.ar\/sitio\/linea-de-credito-crear-inversion-federal-pyme-en-san-juan\/","title":{"rendered":"L\u00ednea de cr\u00e9dito CreAR Inversi\u00f3n Federal PyME en San Juan"},"content":{"rendered":"<p>Tras la firma de convenio llevada a cabo en la jornada del martes entre Provincia y Naci\u00f3n, se realizar\u00e1 el tercer refondeo de la\u00a0l\u00ednea de cr\u00e9dito CreAR Inversi\u00f3n Federal PyME. Esta l\u00ednea es una herramienta crediticia de gran \u00e9xito y amplia difusi\u00f3n dentro del Programa de Cr\u00e9dito Argentino (CreAr) diagramado por la Secretaria de Industria y Desarrollo Productivo de la Naci\u00f3n, contando con doble subsidio de la tasa de inter\u00e9s por parte de la Naci\u00f3n y la Provincia de San Juan.<\/p>\n<p>Esta l\u00ednea se puso en vigencia en San Juan en noviembre de 2022 con la intervenci\u00f3n del Banco San Juan como Agente Financiero de la Provincia, y el Ministerio de Producci\u00f3n y Desarrollo Econ\u00f3mico mediante el otorgamiento del certificado de elegibilidad para las Mipymes radicadas en San Juan. En este sentido esta L\u00ednea de cr\u00e9ditos tuvo un Cupo Original de $ 1.000.000.000 (mil millones de pesos) y en funci\u00f3n del alto inter\u00e9s en la misma por parte del sector productivo privado, este cupo fue ampliado mediante dos nuevos tramos de $ 1.000.000.000 (mil millones de pesos) cada uno; y actualmente desde la Provincia se ha gestionado con Naci\u00f3n un nuevo cupo por otros $ 1.000.000.000 (mil millones de pesos) elevando el total del Cupo otorgado a la Provincia de San Juan a $ 4.000.000.000 (cuatro mil millones de pesos).<\/p>\n<p>La L\u00ednea CreAr Federal Inversi\u00f3n Pyme tiene un importante impacto en la Provincia, siendo una de las l\u00edneas de cr\u00e9dito con mayor demanda durante el a\u00f1o 2023, lo que permiti\u00f3 potenciar las inversiones del Sector Privado de la Provincia, consolidando las actividades de los sectores alcanzados mediante una fuerte promoci\u00f3n por parte del Gobierno Provincial desde el Ministerio de Producci\u00f3n y Desarrollo Econ\u00f3mico.<\/p>\n<p><span style=\"color: #ff6600;\"><strong>Las caracter\u00edsticas y condiciones de esta L\u00ednea de cr\u00e9dito<\/strong><\/span><\/p>\n<ul>\n<li>Destino: Cr\u00e9ditos destinados a Inversi\u00f3n y compra de bienes de capital de Mipymes. radicadas en la Provincia de San Juan.<\/li>\n<li>Monto global del Programa: $4.000.000.000. (Cuatro Mil millones de pesos).<\/li>\n<li>Monto M\u00e1ximo por tomador: $ 250.000.000 (Doscientos cincuenta Millones de pesos).<\/li>\n<li>Plazo: Hasta 60 meses con hasta 6 meses de gracia para capital.<\/li>\n<li>Tasa de Inter\u00e9s para Mipyme: Tasa Variable BADLAR m\u00e1s 8 puntos porcentuales anuales. Sobre dicha tasa aplica un Subsidio del Gobierno de la Naci\u00f3n y del Gobierno de la Provincia de San Juan de 56 puntos porcentuales anuales hasta el mes 36. Desde el mes 37 en adelante la Tasa de inter\u00e9s es BADLAR menos 5 puntos porcentuales anuales.<\/li>\n<li>Garant\u00eda: A satisfacci\u00f3n de Banco San Juan.<\/li>\n<li>Elegibilidad: Ministerio de Producci\u00f3n y Desarrollo Econ\u00f3mico de San Juan.<\/li>\n<li>Vencimiento l\u00ednea: 30\/11\/2023.<\/li>\n<\/ul>\n<p>Para requisitos y mayor Informaci\u00f3n, los interesados pueden acercarse a las sucursales de Banco San Juan o a la Oficina de Expansi\u00f3n Productiva San Juan, ubicada en la esquina de Mitre y Mendoza en horario de 8 a 20 de lunes a viernes.<\/p>\n<p><img loading=\"lazy\" decoding=\"async\" class=\"alignnone size-large wp-image-25616\" src=\"https:\/\/vocesparalelas.com.ar\/sitio\/wp-content\/uploads\/2019\/12\/GOBIERNO-BANDERA-01-800x533.jpg\" alt=\"\" width=\"800\" height=\"533\" srcset=\"https:\/\/vocesparalelas.com.ar\/sitio\/wp-content\/uploads\/2019\/12\/GOBIERNO-BANDERA-01.jpg 800w, https:\/\/vocesparalelas.com.ar\/sitio\/wp-content\/uploads\/2019\/12\/GOBIERNO-BANDERA-01-300x200.jpg 300w, https:\/\/vocesparalelas.com.ar\/sitio\/wp-content\/uploads\/2019\/12\/GOBIERNO-BANDERA-01-768x512.jpg 768w\" sizes=\"auto, (max-width: 800px) 100vw, 800px\" \/><\/p>\n<p>&nbsp;<\/p>\n<p>&nbsp;<\/p>\n","protected":false},"excerpt":{"rendered":"<p>Tras la firma de convenio llevada a cabo en la jornada del martes entre Provincia y Naci\u00f3n, se realizar\u00e1 el<\/p>\n","protected":false},"author":3,"featured_media":30810,"comment_status":"closed","ping_status":"closed","sticky":false,"template":"","format":"standard","meta":{"_acf_changed":false,"_seopress_robots_primary_cat":"none","_seopress_titles_title":"","_seopress_titles_desc":"","_seopress_robots_index":"","colormag_page_container_layout":"default_layout","colormag_page_sidebar_layout":"default_layout","footnotes":""},"categories":[2],"tags":[],"class_list":["post-65222","post","type-post","status-publish","format-standard","has-post-thumbnail","hentry","category-convocatorias"],"acf":[],"_links":{"self":[{"href":"https:\/\/vocesparalelas.com.ar\/sitio\/wp-json\/wp\/v2\/posts\/65222","targetHints":{"allow":["GET"]}}],"collection":[{"href":"https:\/\/vocesparalelas.com.ar\/sitio\/wp-json\/wp\/v2\/posts"}],"about":[{"href":"https:\/\/vocesparalelas.com.ar\/sitio\/wp-json\/wp\/v2\/types\/post"}],"author":[{"embeddable":true,"href":"https:\/\/vocesparalelas.com.ar\/sitio\/wp-json\/wp\/v2\/users\/3"}],"replies":[{"embeddable":true,"href":"https:\/\/vocesparalelas.com.ar\/sitio\/wp-json\/wp\/v2\/comments?post=65222"}],"version-history":[{"count":1,"href":"https:\/\/vocesparalelas.com.ar\/sitio\/wp-json\/wp\/v2\/posts\/65222\/revisions"}],"predecessor-version":[{"id":65225,"href":"https:\/\/vocesparalelas.com.ar\/sitio\/wp-json\/wp\/v2\/posts\/65222\/revisions\/65225"}],"wp:featuredmedia":[{"embeddable":true,"href":"https:\/\/vocesparalelas.com.ar\/sitio\/wp-json\/wp\/v2\/media\/30810"}],"wp:attachment":[{"href":"https:\/\/vocesparalelas.com.ar\/sitio\/wp-json\/wp\/v2\/media?parent=65222"}],"wp:term":[{"taxonomy":"category","embeddable":true,"href":"https:\/\/vocesparalelas.com.ar\/sitio\/wp-json\/wp\/v2\/categories?post=65222"},{"taxonomy":"post_tag","embeddable":true,"href":"https:\/\/vocesparalelas.com.ar\/sitio\/wp-json\/wp\/v2\/tags?post=65222"}],"curies":[{"name":"wp","href":"https:\/\/api.w.org\/{rel}","templated":true}]}}