{"id":65218,"date":"2023-11-01T18:53:20","date_gmt":"2023-11-01T21:53:20","guid":{"rendered":"https:\/\/vocesparalelas.com.ar\/sitio\/?p=65218"},"modified":"2023-11-01T18:53:20","modified_gmt":"2023-11-01T21:53:20","slug":"buscan-poner-en-funcionamiento-el-paso-de-agua-negra-por-san-juan","status":"publish","type":"post","link":"https:\/\/vocesparalelas.com.ar\/sitio\/buscan-poner-en-funcionamiento-el-paso-de-agua-negra-por-san-juan\/","title":{"rendered":"Buscan poner en funcionamiento el Paso de Agua Negra por San Juan"},"content":{"rendered":"<p>Este mi\u00e9rcoles 1 de noviembre, Representantes de organismos nacionales y provinciales se reunieron en la sede San Juan de la Direcci\u00f3n Nacional de Migraciones con vistas a la apertura del paso fronterizo.<\/p>\n<p>La reuni\u00f3n respondi\u00f3 a coordinar el inicio de actividades en el Centro en el orden a la habilitaci\u00f3n del Paso de Agua Negra.<\/p>\n<p>Si bien los organismos operativos intervinientes pueden disponer de los equipos de trabajo respectivos para habilitar el paso, el inconveniente se encuentra en el estado de la Ruta 150, en tramos de alta monta\u00f1a, que a\u00fan demandan trabajos de despeje y reparaci\u00f3n durante el curso del mes de noviembre.<\/p>\n<p>Una vez que este trabajo se haya llevado a cabo y se encuentre la ruta en condiciones de transitabilidad, ambas coordinaciones de frontera se reunir\u00e1n una vez que la Direcci\u00f3n Nacional de Vialidad comunique la finalizaci\u00f3n de la tarea.<\/p>\n<p>Desde Vialidad expresaron que esta labor puede estar concluida sobre finales de noviembre.<\/p>\n<p>Estuvo presente Elena Peletier, delegada de la Direcci\u00f3n Nacional de Migraciones; Sebasti\u00e1n Ranea por la misma direcci\u00f3n; Milagros Racana, administradora de Aduana San Juan; Serio Rossi, director del Centro Regional Cuyo de SENASA, por el 9\u00ba Distrito de la Direcci\u00f3n Nacional de Vialidad Claudio Innamorati y Cesar Carmona; por Gendarme\u00eda Nacional Argentina el Sgto. primero Rodolfo G\u00f3mez y la Sgto. Mar\u00eda Belen Armesto; por la Secretar\u00eda de Relaciones Institucionales del Ministerio de Gobierno, el secretario Marcelo Fretes y el director Eduardo Cortez; por el Ministerio de Salud P\u00fablica la se\u00f1ora Mar\u00eda Silvia Doblas y el se\u00f1or N\u00e9stor Illanes; y por la Direcci\u00f3n Nacional de Asuntos T\u00e9cnicos de Frontera del Ministerio del Interior de la Rep\u00fablica Argentina el coordinador de Centro de Frontera de Agua Negra, Mario Alberto Herrero.<\/p>\n","protected":false},"excerpt":{"rendered":"<p>Este mi\u00e9rcoles 1 de noviembre, Representantes de organismos nacionales y provinciales se reunieron en la sede San Juan de la<\/p>\n","protected":false},"author":3,"featured_media":55101,"comment_status":"closed","ping_status":"closed","sticky":false,"template":"","format":"standard","meta":{"_acf_changed":false,"_seopress_robots_primary_cat":"none","_seopress_titles_title":"","_seopress_titles_desc":"","_seopress_robots_index":"","colormag_page_container_layout":"default_layout","colormag_page_sidebar_layout":"default_layout","footnotes":""},"categories":[1],"tags":[],"class_list":["post-65218","post","type-post","status-publish","format-standard","has-post-thumbnail","hentry","category-destacadas"],"acf":[],"_links":{"self":[{"href":"https:\/\/vocesparalelas.com.ar\/sitio\/wp-json\/wp\/v2\/posts\/65218","targetHints":{"allow":["GET"]}}],"collection":[{"href":"https:\/\/vocesparalelas.com.ar\/sitio\/wp-json\/wp\/v2\/posts"}],"about":[{"href":"https:\/\/vocesparalelas.com.ar\/sitio\/wp-json\/wp\/v2\/types\/post"}],"author":[{"embeddable":true,"href":"https:\/\/vocesparalelas.com.ar\/sitio\/wp-json\/wp\/v2\/users\/3"}],"replies":[{"embeddable":true,"href":"https:\/\/vocesparalelas.com.ar\/sitio\/wp-json\/wp\/v2\/comments?post=65218"}],"version-history":[{"count":1,"href":"https:\/\/vocesparalelas.com.ar\/sitio\/wp-json\/wp\/v2\/posts\/65218\/revisions"}],"predecessor-version":[{"id":65221,"href":"https:\/\/vocesparalelas.com.ar\/sitio\/wp-json\/wp\/v2\/posts\/65218\/revisions\/65221"}],"wp:featuredmedia":[{"embeddable":true,"href":"https:\/\/vocesparalelas.com.ar\/sitio\/wp-json\/wp\/v2\/media\/55101"}],"wp:attachment":[{"href":"https:\/\/vocesparalelas.com.ar\/sitio\/wp-json\/wp\/v2\/media?parent=65218"}],"wp:term":[{"taxonomy":"category","embeddable":true,"href":"https:\/\/vocesparalelas.com.ar\/sitio\/wp-json\/wp\/v2\/categories?post=65218"},{"taxonomy":"post_tag","embeddable":true,"href":"https:\/\/vocesparalelas.com.ar\/sitio\/wp-json\/wp\/v2\/tags?post=65218"}],"curies":[{"name":"wp","href":"https:\/\/api.w.org\/{rel}","templated":true}]}}