{"id":65214,"date":"2023-11-01T18:47:09","date_gmt":"2023-11-01T21:47:09","guid":{"rendered":"https:\/\/vocesparalelas.com.ar\/sitio\/?p=65214"},"modified":"2023-11-02T21:09:31","modified_gmt":"2023-11-03T00:09:31","slug":"inscripciones-maraton-juegos-intercolegiales-san-juan-2023","status":"publish","type":"post","link":"https:\/\/vocesparalelas.com.ar\/sitio\/inscripciones-maraton-juegos-intercolegiales-san-juan-2023\/","title":{"rendered":"Inscripciones \u00abMarat\u00f3n Juegos Intercolegiales San Juan 2023\u00bb"},"content":{"rendered":"<p>Los\u00a0Juegos Intercolegiales 2023 de San Juan, est\u00e1n llegando a su fin y el Jueves 9 de Noviembre, se trabaja en los \u00faltimos detalles para la Marat\u00f3n en Capital, que pone el broche final a estos Juegos, que tuvieron la participaci\u00f3n los alumnos de escuelas primarias y secundarias de los 19 departamentos de la provincia de San Juan.<\/p>\n<p>En la p\u00e1gina web de la\u00a0Secretar\u00eda de Deportes, se puede descargar la lista de buena fe y la autorizaci\u00f3n y ficha m\u00e9dica, que se debe presentar en el momento de acreditaci\u00f3n.<\/p>\n<p><span style=\"color: #00ccff;\"><strong>Inscripciones<\/strong><\/span><\/p>\n<p><a title=\"INSCRIPCIONES\" href=\"https:\/\/deportessanjuan.ar\/index.php\/deportes\/juegos\/intercolegiales\">https:\/\/deportessanjuan.ar\/index.php\/deportes\/juegos\/intercolegiales<\/a><\/p>\n<p>La concentraci\u00f3n es en la Plaza del Sol del Parque de Mayo, a las 8 horas del jueves, 9 para largar a las 9 hs.<\/p>\n<p>Recorrido<\/p>\n<ul>\n<li>Los chicos de primaria transitan por la calle interna del Parque, luego Avenida Libertador, giran por Urquiza hacia el Norte para finalizar frente al Estadio Dr. Aldo Cantoni, luego de recorrer 1,25 km.<\/li>\n<li>Los alumnos secundarios tienen el mismo punto de partida porque van por calle interna del Parque hasta Libertador, al Oeste hasta Paula Albarrac\u00edn de Sarmiento, giran hacia la derecha hasta 25 de Mayo, por esta calle corren hasta Urquiza, giran a la derecha (al sur), para finalizar frente al Estadio Aldo Cantoni, tras 3,6 km.<\/li>\n<\/ul>\n<p><img loading=\"lazy\" decoding=\"async\" class=\"alignnone size-full wp-image-54410\" src=\"https:\/\/vocesparalelas.com.ar\/sitio\/wp-content\/uploads\/2022\/11\/INTERCOLEGIALES-06.jpg\" alt=\"\" width=\"800\" height=\"416\" srcset=\"https:\/\/vocesparalelas.com.ar\/sitio\/wp-content\/uploads\/2022\/11\/INTERCOLEGIALES-06.jpg 800w, https:\/\/vocesparalelas.com.ar\/sitio\/wp-content\/uploads\/2022\/11\/INTERCOLEGIALES-06-300x156.jpg 300w, https:\/\/vocesparalelas.com.ar\/sitio\/wp-content\/uploads\/2022\/11\/INTERCOLEGIALES-06-768x399.jpg 768w\" sizes=\"auto, (max-width: 800px) 100vw, 800px\" \/><\/p>\n","protected":false},"excerpt":{"rendered":"<p>Los\u00a0Juegos Intercolegiales 2023 de San Juan, est\u00e1n llegando a su fin y el Jueves 9 de Noviembre, se trabaja en<\/p>\n","protected":false},"author":3,"featured_media":22020,"comment_status":"closed","ping_status":"closed","sticky":false,"template":"","format":"standard","meta":{"_acf_changed":false,"_seopress_robots_primary_cat":"none","_seopress_titles_title":"","_seopress_titles_desc":"","_seopress_robots_index":"","colormag_page_container_layout":"default_layout","colormag_page_sidebar_layout":"default_layout","footnotes":""},"categories":[2],"tags":[],"class_list":["post-65214","post","type-post","status-publish","format-standard","has-post-thumbnail","hentry","category-convocatorias"],"acf":[],"_links":{"self":[{"href":"https:\/\/vocesparalelas.com.ar\/sitio\/wp-json\/wp\/v2\/posts\/65214","targetHints":{"allow":["GET"]}}],"collection":[{"href":"https:\/\/vocesparalelas.com.ar\/sitio\/wp-json\/wp\/v2\/posts"}],"about":[{"href":"https:\/\/vocesparalelas.com.ar\/sitio\/wp-json\/wp\/v2\/types\/post"}],"author":[{"embeddable":true,"href":"https:\/\/vocesparalelas.com.ar\/sitio\/wp-json\/wp\/v2\/users\/3"}],"replies":[{"embeddable":true,"href":"https:\/\/vocesparalelas.com.ar\/sitio\/wp-json\/wp\/v2\/comments?post=65214"}],"version-history":[{"count":1,"href":"https:\/\/vocesparalelas.com.ar\/sitio\/wp-json\/wp\/v2\/posts\/65214\/revisions"}],"predecessor-version":[{"id":65217,"href":"https:\/\/vocesparalelas.com.ar\/sitio\/wp-json\/wp\/v2\/posts\/65214\/revisions\/65217"}],"wp:featuredmedia":[{"embeddable":true,"href":"https:\/\/vocesparalelas.com.ar\/sitio\/wp-json\/wp\/v2\/media\/22020"}],"wp:attachment":[{"href":"https:\/\/vocesparalelas.com.ar\/sitio\/wp-json\/wp\/v2\/media?parent=65214"}],"wp:term":[{"taxonomy":"category","embeddable":true,"href":"https:\/\/vocesparalelas.com.ar\/sitio\/wp-json\/wp\/v2\/categories?post=65214"},{"taxonomy":"post_tag","embeddable":true,"href":"https:\/\/vocesparalelas.com.ar\/sitio\/wp-json\/wp\/v2\/tags?post=65214"}],"curies":[{"name":"wp","href":"https:\/\/api.w.org\/{rel}","templated":true}]}}