{"id":65209,"date":"2023-11-01T16:23:03","date_gmt":"2023-11-01T19:23:03","guid":{"rendered":"https:\/\/vocesparalelas.com.ar\/sitio\/?p=65209"},"modified":"2023-11-01T16:23:03","modified_gmt":"2023-11-01T19:23:03","slug":"se-agilizo-la-importacion-de-insumos-y-de-equipamiento-para-san-juan-innova","status":"publish","type":"post","link":"https:\/\/vocesparalelas.com.ar\/sitio\/se-agilizo-la-importacion-de-insumos-y-de-equipamiento-para-san-juan-innova\/","title":{"rendered":"Se agiliz\u00f3 la importaci\u00f3n de insumos y de equipamiento para San Juan Innova"},"content":{"rendered":"<p>El gobernador de San Juan, Dr. Sergio U\u00f1ac acompa\u00f1ado por el ministro de Producci\u00f3n y Desarrollo Econ\u00f3mico, Ing. Ariel Lucero se reuni\u00f3 con el secretario de Comercio de la Naci\u00f3n, Lic. Mat\u00edas Tombolini, en torno a la gesti\u00f3n de autorizaciones del Sistema de Importaciones de la Rep\u00fablica Argentina &#8211; SIRA &#8211; y el SIRASE.<\/p>\n<p>Adem\u00e1s, gestionaron la importaci\u00f3n de equipamiento para el programa San Juan Innova con el objetivo de continuar desarrollando la conectividad y la inclusi\u00f3n digital de todos los habitantes de la provincia de San Juan.<\/p>\n<p>La gesti\u00f3n de autorizaciones a trav\u00e9s de los sistemas SIRA y SIRASE ha permitido la importaci\u00f3n de insumos cr\u00edticos y maquinaria espec\u00edfica, elementos esenciales para fortalecer las cadenas productivas locales. Esto ha tenido un impacto directo en la capacidad de las empresas de San Juan para satisfacer la creciente demanda en sectores estrat\u00e9gicos como la miner\u00eda.<\/p>\n<p>Adem\u00e1s, en un fuerte trabajo conjunto entre Provincia y Naci\u00f3n se busca reducir la dependencia de la importaci\u00f3n de productos, especialmente en lo que respeta a insumos cr\u00edticos. Al fortalecer las cadenas productivas en San Juan, se ha creado un ambiente propicio para la sustituci\u00f3n de importaciones, lo que no solo reduce los costos para las empresas locales, sino que tambi\u00e9n contribuye a la creaci\u00f3n de empleo y al crecimiento econ\u00f3mico sostenible de la provincia.<\/p>\n<p>Estas medidas han tenido un impacto positivo en las exportaciones. Con una producci\u00f3n local fortalecida y una mayor capacidad de fabricaci\u00f3n, las empresas de San Juan est\u00e1n en una posici\u00f3n m\u00e1s competitiva en el mercado global. Esto ha llevado a un aumento de las exportaciones, generando ingresos adicionales y oportunidades de expansi\u00f3n para las empresas locales.<\/p>\n<p>Al finalizar la reuni\u00f3n, el ministro de Producci\u00f3n y Desarrollo Econ\u00f3mico del Gobierno de San Juan, Ing. Ariel Lucero se\u00f1al\u00f3 que \u201ceste tipo de gestiones apuntan a que las pymes sanjuaninas puedan lograr la importaci\u00f3n necesaria de cada uno de sus insumos, de bienes de capital, de ampliaci\u00f3n de cada una de sus plantas para poder seguir aumentando la producci\u00f3n, tratando de ser cada vez m\u00e1s competitivos y, de esta manera, acompa\u00f1ar y seguir generando condiciones de desarrollo para cada una de las pymes sanjuaninas\u201d.<\/p>\n<p>La gesti\u00f3n del Ministerio de Producci\u00f3n y Desarrollo Econ\u00f3mico de San Juan en colaboraci\u00f3n con la Secretar\u00eda de Comercio a nivel nacional ha sido esencial para evitar restricciones en las plantas de producci\u00f3n y garantizar un flujo constante de insumos y maquinaria necesarios. Esta colaboraci\u00f3n ha permitido un proceso \u00e1gil y efectivo en la gesti\u00f3n de autorizaciones, lo que ha contribuido de manera significativa al fortalecimiento del tejido productivo de la provincia.<\/p>\n<p><span style=\"color: #339966;\"><strong>El Sistema de Importaciones de la Rep\u00fablica Argentina, en n\u00fameros<\/strong><\/span><\/p>\n<p>Desde su implementaci\u00f3n en octubre del 2022, ya se ha ayudado a m\u00e1s de 110 empresas, contabilizando 1547 SIRA y 62 SIRASE, lo que se traduce en U$137.046.502. En este \u00faltimo encuentro se han gestionado m\u00e1s de 15 millones de d\u00f3lares m\u00e1s.<\/p>\n<p>&nbsp;<\/p>\n<p><img loading=\"lazy\" decoding=\"async\" class=\"alignnone size-large wp-image-25616\" src=\"https:\/\/vocesparalelas.com.ar\/sitio\/wp-content\/uploads\/2019\/12\/GOBIERNO-BANDERA-01-800x533.jpg\" alt=\"\" width=\"800\" height=\"533\" srcset=\"https:\/\/vocesparalelas.com.ar\/sitio\/wp-content\/uploads\/2019\/12\/GOBIERNO-BANDERA-01.jpg 800w, https:\/\/vocesparalelas.com.ar\/sitio\/wp-content\/uploads\/2019\/12\/GOBIERNO-BANDERA-01-300x200.jpg 300w, https:\/\/vocesparalelas.com.ar\/sitio\/wp-content\/uploads\/2019\/12\/GOBIERNO-BANDERA-01-768x512.jpg 768w\" sizes=\"auto, (max-width: 800px) 100vw, 800px\" \/><\/p>\n","protected":false},"excerpt":{"rendered":"<p>El gobernador de San Juan, Dr. Sergio U\u00f1ac acompa\u00f1ado por el ministro de Producci\u00f3n y Desarrollo Econ\u00f3mico, Ing. Ariel Lucero<\/p>\n","protected":false},"author":3,"featured_media":65212,"comment_status":"closed","ping_status":"closed","sticky":false,"template":"","format":"standard","meta":{"_acf_changed":false,"_seopress_robots_primary_cat":"none","_seopress_titles_title":"","_seopress_titles_desc":"","_seopress_robots_index":"","colormag_page_container_layout":"default_layout","colormag_page_sidebar_layout":"default_layout","footnotes":""},"categories":[1],"tags":[],"class_list":["post-65209","post","type-post","status-publish","format-standard","has-post-thumbnail","hentry","category-destacadas"],"acf":[],"_links":{"self":[{"href":"https:\/\/vocesparalelas.com.ar\/sitio\/wp-json\/wp\/v2\/posts\/65209","targetHints":{"allow":["GET"]}}],"collection":[{"href":"https:\/\/vocesparalelas.com.ar\/sitio\/wp-json\/wp\/v2\/posts"}],"about":[{"href":"https:\/\/vocesparalelas.com.ar\/sitio\/wp-json\/wp\/v2\/types\/post"}],"author":[{"embeddable":true,"href":"https:\/\/vocesparalelas.com.ar\/sitio\/wp-json\/wp\/v2\/users\/3"}],"replies":[{"embeddable":true,"href":"https:\/\/vocesparalelas.com.ar\/sitio\/wp-json\/wp\/v2\/comments?post=65209"}],"version-history":[{"count":1,"href":"https:\/\/vocesparalelas.com.ar\/sitio\/wp-json\/wp\/v2\/posts\/65209\/revisions"}],"predecessor-version":[{"id":65213,"href":"https:\/\/vocesparalelas.com.ar\/sitio\/wp-json\/wp\/v2\/posts\/65209\/revisions\/65213"}],"wp:featuredmedia":[{"embeddable":true,"href":"https:\/\/vocesparalelas.com.ar\/sitio\/wp-json\/wp\/v2\/media\/65212"}],"wp:attachment":[{"href":"https:\/\/vocesparalelas.com.ar\/sitio\/wp-json\/wp\/v2\/media?parent=65209"}],"wp:term":[{"taxonomy":"category","embeddable":true,"href":"https:\/\/vocesparalelas.com.ar\/sitio\/wp-json\/wp\/v2\/categories?post=65209"},{"taxonomy":"post_tag","embeddable":true,"href":"https:\/\/vocesparalelas.com.ar\/sitio\/wp-json\/wp\/v2\/tags?post=65209"}],"curies":[{"name":"wp","href":"https:\/\/api.w.org\/{rel}","templated":true}]}}