{"id":65205,"date":"2023-11-01T16:06:28","date_gmt":"2023-11-01T19:06:28","guid":{"rendered":"https:\/\/vocesparalelas.com.ar\/sitio\/?p=65205"},"modified":"2023-11-01T23:58:00","modified_gmt":"2023-11-02T02:58:00","slug":"agenda-cultural-de-san-juan-para-disfrutar-en-familia-2","status":"publish","type":"post","link":"https:\/\/vocesparalelas.com.ar\/sitio\/agenda-cultural-de-san-juan-para-disfrutar-en-familia-2\/","title":{"rendered":"Agenda Cultural de San Juan para disfrutar en familia"},"content":{"rendered":"<p>San Juan se prepara para una emocionante agenda cultural, desde el humor hasta la m\u00fasica cuyana y una producci\u00f3n teatral de renombre, hay actividades para todos los gustos.<\/p>\n<p>La diversi\u00f3n comienza el Jueves, 2 de Noviembre, en el Teatro Sarmiento, donde el comediante Miguel Martin, conocido como \u00abEl Oficial Gordillo\u00bb, con un regreso triunfal a la ciudad, despu\u00e9s de su exitosa doble funci\u00f3n agotada en Junio, presenta su nuevo espect\u00e1culo \u00abGordillo Amigo de lo ajeno\u00bb. Se trata de un show lleno de humor para toda la familia, donde el oficial contar\u00e1 m\u00faltiples operativos y mostrar\u00e1 la nueva \u201cTenologia Polesiaca\u201d. Las funciones se llevar\u00e1n a cabo a las 20 y a las 22 hs., y son aptas para todo p\u00fablico.<\/p>\n<p>El Viernes, 3 y S\u00e1bado, 4 de Noviembre, en el Complejo del Auditorio Ing. Juan Victoria se llena de vida con el Festival \u00abSan Juan Celebra La Cuyan\u00eda\u00bb a partir de las 19 hs. Los asistentes tienen la oportunidad de explorar una feria de artesanos y emprendedores locales, donde podr\u00e1n adquirir productos representativos de la provincia y disfrutar de la creatividad local.<\/p>\n<p>A las 21 hs., el Anfiteatro Buenaventura Luna presenta a destacados m\u00fasicos cuyanos, brindando una experiencia musical \u00fanica. Para cerrar, a las 23 hs., los jardines del Complejo Auditorio se transformar\u00e1n en una pe\u00f1a, proporcionando una atm\u00f3sfera \u00edntima y festiva para todos los presentes. Adem\u00e1s, una exquisita propuesta gastron\u00f3mica estar\u00e1 disponible para complementar la experiencia, permitiendo que la m\u00fasica cuyana siga siendo el centro de la velada.<\/p>\n<p>Los amantes del dise\u00f1o y la moda tambi\u00e9n tienen su espacio en esta agenda cultural, con la segunda edici\u00f3n de la feria en la tienda del chalet Cantoni, el S\u00e1bado, 4 de Noviembre, de 18 a 23 hs. La feria cuenta un sector para ni\u00f1os, opciones gastron\u00f3micas, y amigable para las mascotas. M\u00e1s de 40 dise\u00f1adores locales est\u00e1n presentando sus creaciones en este evento de entrada libre y gratuita.<\/p>\n<p>Por \u00faltimo, el S\u00e1bado, 4 y el Domingo, 5 de Noviembre, a las 18 hs, el Teatro del Bicentenario es testigo de la magia \u00abEl Principito\u00bb de Rachel Portman, una producci\u00f3n del Teatro Col\u00f3n. Con m\u00e1s de 85 artistas en escena, coros y orquesta en vivo, esta puesta en escena dirigida por Marian Ciolfi promete capturar la imaginaci\u00f3n del p\u00fablico.<\/p>\n<p>&nbsp;<\/p>\n<p>&nbsp;<\/p>\n","protected":false},"excerpt":{"rendered":"<p>San Juan se prepara para una emocionante agenda cultural, desde el humor hasta la m\u00fasica cuyana y una producci\u00f3n teatral<\/p>\n","protected":false},"author":3,"featured_media":1815,"comment_status":"closed","ping_status":"closed","sticky":false,"template":"","format":"standard","meta":{"_acf_changed":false,"_seopress_robots_primary_cat":"none","_seopress_titles_title":"","_seopress_titles_desc":"","_seopress_robots_index":"","colormag_page_container_layout":"default_layout","colormag_page_sidebar_layout":"default_layout","footnotes":""},"categories":[20],"tags":[],"class_list":["post-65205","post","type-post","status-publish","format-standard","has-post-thumbnail","hentry","category-cartelera"],"acf":[],"_links":{"self":[{"href":"https:\/\/vocesparalelas.com.ar\/sitio\/wp-json\/wp\/v2\/posts\/65205","targetHints":{"allow":["GET"]}}],"collection":[{"href":"https:\/\/vocesparalelas.com.ar\/sitio\/wp-json\/wp\/v2\/posts"}],"about":[{"href":"https:\/\/vocesparalelas.com.ar\/sitio\/wp-json\/wp\/v2\/types\/post"}],"author":[{"embeddable":true,"href":"https:\/\/vocesparalelas.com.ar\/sitio\/wp-json\/wp\/v2\/users\/3"}],"replies":[{"embeddable":true,"href":"https:\/\/vocesparalelas.com.ar\/sitio\/wp-json\/wp\/v2\/comments?post=65205"}],"version-history":[{"count":1,"href":"https:\/\/vocesparalelas.com.ar\/sitio\/wp-json\/wp\/v2\/posts\/65205\/revisions"}],"predecessor-version":[{"id":65208,"href":"https:\/\/vocesparalelas.com.ar\/sitio\/wp-json\/wp\/v2\/posts\/65205\/revisions\/65208"}],"wp:featuredmedia":[{"embeddable":true,"href":"https:\/\/vocesparalelas.com.ar\/sitio\/wp-json\/wp\/v2\/media\/1815"}],"wp:attachment":[{"href":"https:\/\/vocesparalelas.com.ar\/sitio\/wp-json\/wp\/v2\/media?parent=65205"}],"wp:term":[{"taxonomy":"category","embeddable":true,"href":"https:\/\/vocesparalelas.com.ar\/sitio\/wp-json\/wp\/v2\/categories?post=65205"},{"taxonomy":"post_tag","embeddable":true,"href":"https:\/\/vocesparalelas.com.ar\/sitio\/wp-json\/wp\/v2\/tags?post=65205"}],"curies":[{"name":"wp","href":"https:\/\/api.w.org\/{rel}","templated":true}]}}