{"id":65189,"date":"2023-10-31T23:06:59","date_gmt":"2023-11-01T02:06:59","guid":{"rendered":"https:\/\/vocesparalelas.com.ar\/sitio\/?p=65189"},"modified":"2023-11-01T20:26:24","modified_gmt":"2023-11-01T23:26:24","slug":"los-ciudadanos-de-san-juan-pueden-votar-a-su-eleccion-en-el-ballotage-a-presidente-de-argentina","status":"publish","type":"post","link":"https:\/\/vocesparalelas.com.ar\/sitio\/los-ciudadanos-de-san-juan-pueden-votar-a-su-eleccion-en-el-ballotage-a-presidente-de-argentina\/","title":{"rendered":"Los ciudadanos de San Juan pueden votar a su elecci\u00f3n en el ballotage a presidente de Argentina"},"content":{"rendered":"<p>Despu\u00e9s del acto para conmemorar los 40\u00b0Aniversario de la Democracia en Argentina organizado por el Gobierno de San Juan, donde fue invitado a participar el Gobernador Electo de San Juan, Dr. Marcelo Orrego, hizo declaraciones a los Periodistas San Juan.<\/p>\n<p>Adem\u00e1s, antes del acto mantuvo una reuni\u00f3n con el Gobernador de San Juan, Dr. Sergio U\u00f1ac donde se reflexion\u00f3 junto a otros sobre la historia de la Naci\u00f3n Argentina y la de la Provincia de San Juan, que llevaron adelante el compromiso por el bien com\u00fan y la igualdad entre los ciudadanos.<\/p>\n<p><img loading=\"lazy\" decoding=\"async\" class=\"alignnone size-full wp-image-65192\" src=\"https:\/\/vocesparalelas.com.ar\/sitio\/wp-content\/uploads\/2023\/10\/DEMOCRACIA-SAN-JUAN-03.jpg\" alt=\"\" width=\"800\" height=\"534\" srcset=\"https:\/\/vocesparalelas.com.ar\/sitio\/wp-content\/uploads\/2023\/10\/DEMOCRACIA-SAN-JUAN-03.jpg 800w, https:\/\/vocesparalelas.com.ar\/sitio\/wp-content\/uploads\/2023\/10\/DEMOCRACIA-SAN-JUAN-03-300x200.jpg 300w, https:\/\/vocesparalelas.com.ar\/sitio\/wp-content\/uploads\/2023\/10\/DEMOCRACIA-SAN-JUAN-03-768x513.jpg 768w\" sizes=\"auto, (max-width: 800px) 100vw, 800px\" \/><\/p>\n<p>&nbsp;<\/p>\n<p><iframe loading=\"lazy\" title=\"GOBERNADOR ELECTO SAN JUAN DR MARCELO ORREGO\" width=\"800\" height=\"450\" src=\"https:\/\/www.youtube.com\/embed\/2xyklSVot5E?feature=oembed\" frameborder=\"0\" allow=\"accelerometer; autoplay; clipboard-write; encrypted-media; gyroscope; picture-in-picture; web-share\" allowfullscreen><\/iframe><\/p>\n<p>&nbsp;<\/p>\n<p><img loading=\"lazy\" decoding=\"async\" class=\"alignnone size-full wp-image-65133\" src=\"https:\/\/vocesparalelas.com.ar\/sitio\/wp-content\/uploads\/2023\/10\/DEMOCRACIA-SAN-JUAN-01.jpg\" alt=\"\" width=\"800\" height=\"600\" srcset=\"https:\/\/vocesparalelas.com.ar\/sitio\/wp-content\/uploads\/2023\/10\/DEMOCRACIA-SAN-JUAN-01.jpg 800w, https:\/\/vocesparalelas.com.ar\/sitio\/wp-content\/uploads\/2023\/10\/DEMOCRACIA-SAN-JUAN-01-300x225.jpg 300w, https:\/\/vocesparalelas.com.ar\/sitio\/wp-content\/uploads\/2023\/10\/DEMOCRACIA-SAN-JUAN-01-768x576.jpg 768w\" sizes=\"auto, (max-width: 800px) 100vw, 800px\" \/><\/p>\n","protected":false},"excerpt":{"rendered":"<p>Despu\u00e9s del acto para conmemorar los 40\u00b0Aniversario de la Democracia en Argentina organizado por el Gobierno de San Juan, donde<\/p>\n","protected":false},"author":3,"featured_media":65193,"comment_status":"closed","ping_status":"closed","sticky":false,"template":"","format":"standard","meta":{"_acf_changed":false,"_seopress_robots_primary_cat":"none","_seopress_titles_title":"","_seopress_titles_desc":"","_seopress_robots_index":"","colormag_page_container_layout":"default_layout","colormag_page_sidebar_layout":"default_layout","footnotes":""},"categories":[10,7],"tags":[],"class_list":["post-65189","post","type-post","status-publish","format-standard","has-post-thumbnail","hentry","category-opiniones","category-videos"],"acf":[],"_links":{"self":[{"href":"https:\/\/vocesparalelas.com.ar\/sitio\/wp-json\/wp\/v2\/posts\/65189","targetHints":{"allow":["GET"]}}],"collection":[{"href":"https:\/\/vocesparalelas.com.ar\/sitio\/wp-json\/wp\/v2\/posts"}],"about":[{"href":"https:\/\/vocesparalelas.com.ar\/sitio\/wp-json\/wp\/v2\/types\/post"}],"author":[{"embeddable":true,"href":"https:\/\/vocesparalelas.com.ar\/sitio\/wp-json\/wp\/v2\/users\/3"}],"replies":[{"embeddable":true,"href":"https:\/\/vocesparalelas.com.ar\/sitio\/wp-json\/wp\/v2\/comments?post=65189"}],"version-history":[{"count":1,"href":"https:\/\/vocesparalelas.com.ar\/sitio\/wp-json\/wp\/v2\/posts\/65189\/revisions"}],"predecessor-version":[{"id":65194,"href":"https:\/\/vocesparalelas.com.ar\/sitio\/wp-json\/wp\/v2\/posts\/65189\/revisions\/65194"}],"wp:featuredmedia":[{"embeddable":true,"href":"https:\/\/vocesparalelas.com.ar\/sitio\/wp-json\/wp\/v2\/media\/65193"}],"wp:attachment":[{"href":"https:\/\/vocesparalelas.com.ar\/sitio\/wp-json\/wp\/v2\/media?parent=65189"}],"wp:term":[{"taxonomy":"category","embeddable":true,"href":"https:\/\/vocesparalelas.com.ar\/sitio\/wp-json\/wp\/v2\/categories?post=65189"},{"taxonomy":"post_tag","embeddable":true,"href":"https:\/\/vocesparalelas.com.ar\/sitio\/wp-json\/wp\/v2\/tags?post=65189"}],"curies":[{"name":"wp","href":"https:\/\/api.w.org\/{rel}","templated":true}]}}