{"id":65184,"date":"2023-10-31T22:01:05","date_gmt":"2023-11-01T01:01:05","guid":{"rendered":"https:\/\/vocesparalelas.com.ar\/sitio\/?p=65184"},"modified":"2023-10-31T23:09:33","modified_gmt":"2023-11-01T02:09:33","slug":"40-anos-del-instituto-latinoamericano-del-ombudsman-ilo","status":"publish","type":"post","link":"https:\/\/vocesparalelas.com.ar\/sitio\/40-anos-del-instituto-latinoamericano-del-ombudsman-ilo\/","title":{"rendered":"40\u00b0 a\u00f1os del Instituto Latinoamericano del Ombudsman ILO"},"content":{"rendered":"<p>El Defensor del Pueblo de San Juan, Dr. Pablo Garc\u00eda Nieto, particip\u00f3 de la celebraci\u00f3n de los 40\u00b0 a\u00f1os del Instituto Latinoamericano del Ombudsman ILO, coincidentemente con los 40 a\u00f1os de la recuperaci\u00f3n de la democracia en Argentina.<\/p>\n<p>En dicho marco, se realiz\u00f3 una importante agenda de actividades entre las cuales tuvo lugar el plenario nacional de la Asociaci\u00f3n de Defensor\u00edas del Pueblo de la Rep\u00fablica Argentina &#8211; ADPRA.<\/p>\n<p>M\u00e1s de 50 Defensores del pa\u00eds celebraron el plenario nacional en la Ciudad de Buenos Aires, donde aprobaron por unanimidad lo actuado por la conducci\u00f3n saliente y designaron a las nuevas autoridades de la instituci\u00f3n.<\/p>\n<p>En el cierre de la jornada se realiz\u00f3 la elecci\u00f3n, resultando electos como presidenta, Mar\u00eda Rosa Mui\u00f1os, Defensora del Pueblo de CABA y como vicepresidente el Dr. Pablo Garc\u00eda Nieto.<\/p>\n<p>En palabras del defensor de la provincia de San Juan, Dr. Pablo Garc\u00eda Nieto dijo que \u00abcon seguridad desde mi nueva responsabilidad en el Consejo Directivo de ADPRA, seguir\u00e9 aunando esfuerzos para fortalecer estos lazos institucionales a fin de garantizar los derechos de cada sanjuanino y sanjuanina\u201d.<\/p>\n<p><img loading=\"lazy\" decoding=\"async\" class=\"alignnone size-full wp-image-65187\" src=\"https:\/\/vocesparalelas.com.ar\/sitio\/wp-content\/uploads\/2023\/10\/DR-PABLO-GARCIA-NIETO-02.jpg\" alt=\"\" width=\"782\" height=\"521\" srcset=\"https:\/\/vocesparalelas.com.ar\/sitio\/wp-content\/uploads\/2023\/10\/DR-PABLO-GARCIA-NIETO-02.jpg 782w, https:\/\/vocesparalelas.com.ar\/sitio\/wp-content\/uploads\/2023\/10\/DR-PABLO-GARCIA-NIETO-02-300x200.jpg 300w, https:\/\/vocesparalelas.com.ar\/sitio\/wp-content\/uploads\/2023\/10\/DR-PABLO-GARCIA-NIETO-02-768x512.jpg 768w\" sizes=\"auto, (max-width: 782px) 100vw, 782px\" \/><\/p>\n<p>&nbsp;<\/p>\n<p>&nbsp;<\/p>\n<p>&nbsp;<\/p>\n","protected":false},"excerpt":{"rendered":"<p>El Defensor del Pueblo de San Juan, Dr. Pablo Garc\u00eda Nieto, particip\u00f3 de la celebraci\u00f3n de los 40\u00b0 a\u00f1os del<\/p>\n","protected":false},"author":3,"featured_media":65196,"comment_status":"closed","ping_status":"closed","sticky":false,"template":"","format":"standard","meta":{"_acf_changed":false,"_seopress_robots_primary_cat":"none","_seopress_titles_title":"","_seopress_titles_desc":"","_seopress_robots_index":"","colormag_page_container_layout":"default_layout","colormag_page_sidebar_layout":"default_layout","footnotes":""},"categories":[1],"tags":[],"class_list":["post-65184","post","type-post","status-publish","format-standard","has-post-thumbnail","hentry","category-destacadas"],"acf":[],"_links":{"self":[{"href":"https:\/\/vocesparalelas.com.ar\/sitio\/wp-json\/wp\/v2\/posts\/65184","targetHints":{"allow":["GET"]}}],"collection":[{"href":"https:\/\/vocesparalelas.com.ar\/sitio\/wp-json\/wp\/v2\/posts"}],"about":[{"href":"https:\/\/vocesparalelas.com.ar\/sitio\/wp-json\/wp\/v2\/types\/post"}],"author":[{"embeddable":true,"href":"https:\/\/vocesparalelas.com.ar\/sitio\/wp-json\/wp\/v2\/users\/3"}],"replies":[{"embeddable":true,"href":"https:\/\/vocesparalelas.com.ar\/sitio\/wp-json\/wp\/v2\/comments?post=65184"}],"version-history":[{"count":3,"href":"https:\/\/vocesparalelas.com.ar\/sitio\/wp-json\/wp\/v2\/posts\/65184\/revisions"}],"predecessor-version":[{"id":65198,"href":"https:\/\/vocesparalelas.com.ar\/sitio\/wp-json\/wp\/v2\/posts\/65184\/revisions\/65198"}],"wp:featuredmedia":[{"embeddable":true,"href":"https:\/\/vocesparalelas.com.ar\/sitio\/wp-json\/wp\/v2\/media\/65196"}],"wp:attachment":[{"href":"https:\/\/vocesparalelas.com.ar\/sitio\/wp-json\/wp\/v2\/media?parent=65184"}],"wp:term":[{"taxonomy":"category","embeddable":true,"href":"https:\/\/vocesparalelas.com.ar\/sitio\/wp-json\/wp\/v2\/categories?post=65184"},{"taxonomy":"post_tag","embeddable":true,"href":"https:\/\/vocesparalelas.com.ar\/sitio\/wp-json\/wp\/v2\/tags?post=65184"}],"curies":[{"name":"wp","href":"https:\/\/api.w.org\/{rel}","templated":true}]}}