{"id":65174,"date":"2023-10-31T21:11:45","date_gmt":"2023-11-01T00:11:45","guid":{"rendered":"https:\/\/vocesparalelas.com.ar\/sitio\/?p=65174"},"modified":"2023-11-01T20:14:58","modified_gmt":"2023-11-01T23:14:58","slug":"se-ofrecen-residencias-en-enfermeria-a-egresados-de-la-uccuyo","status":"publish","type":"post","link":"https:\/\/vocesparalelas.com.ar\/sitio\/se-ofrecen-residencias-en-enfermeria-a-egresados-de-la-uccuyo\/","title":{"rendered":"Se ofrecen residencias en Enfermer\u00eda a egresados de la UCCuyo"},"content":{"rendered":"<p>Enfermer\u00eda cumple un rol fundamental en los equipos de salud orientados a dar respuesta de calidad de los cuidados en todo el ciclo de vida a las personas, las familias, grupos y comunidades, en todos los niveles de atenci\u00f3n y en todos los contextos, como factor decisivo en la transformaci\u00f3n hacia mejores servicios que respondan a las necesidades de la poblaci\u00f3n.<\/p>\n<p>San Juan cuenta con las siguientes residencias de Enfermer\u00eda en las especialidades de:<\/p>\n<ul>\n<li>Enfermer\u00eda en Salud materno Infantil y del Adolescente. Con sede en el hospital Dr. Guillermo Rawson<\/li>\n<li>Enfermedades en Cuidados Cr\u00edticos Neonatal, Pedi\u00e1trico y del Adulto. Con sede en el hospital Dr. Guillermo Rawson<\/li>\n<li>Enfermer\u00eda en Cuidados Paliativos. Con sede hospital Dr. Marcial Quiroga<\/li>\n<li>Enfermer\u00eda en Salud del Adulto. Con sede en Centro Adiestramiento Dr. Ren\u00e9 Favaloro<\/li>\n<li>Enfermer\u00eda en Residencia Interdisciplinaria en Salud Mental Comunitaria. Con sede en hospital Dr. C\u00e9sar Aguilar<\/li>\n<\/ul>\n<p>La reuni\u00f3n tuvo lugar en la Facultad de Medicina de la UCC y fue organizada por la Dra. Andrea P\u00e9rez Pazo quien es la referente de la Divisi\u00f3n de Recursos Humanos y Capacitaci\u00f3n del Ministerio de Salud P\u00fablica. Fueron recibidos por el Decano de Cs. M\u00e9dicas, Dr. Sergio Albarrac\u00edn y la Sra. Directora de la carrera de Enfermer\u00eda, Lic. Susana Garc\u00eda.<\/p>\n<p>Del encuentro tambi\u00e9n participaron referentes de cada residencia: jefa de residentes y residentes de En. Salud Materna Infantil, Lic. Nadia y residentes de Enf .en Cuidados Cr\u00edticos y Dra. Cristina Mu\u00f1oz del Comit\u00e9 de Docencia del HPDGR, Lic. Marian de los R\u00edos. de Enf. En Cuidados Paliativos \u2013HPDMQ, Lic. Lucia Sosa de Enf. Salud del Adulto-CARF, el Sr. Jefe de Zona II, Dr. Diego Olivares y parte de equipo de RISAMC, Lic. Emanuel Tejada y Lic. Ver\u00f3nica. Acompa\u00f1\u00f3 la Sra. Jefa de la Divisi\u00f3n de Enfermer\u00eda MSP, Lic. Gloria Pallarona, que brind\u00f3 las palabras finales sobre la importancia de la formaci\u00f3n en la profesi\u00f3n, recordado a las primeras residentes de enfermer\u00eda en la provincia.<\/p>\n<p>Cada uno de los representantes de las residencias presentaron el perfil del egresado de cada especialidad, as\u00ed como el prop\u00f3sito de formar profesionales de excelencia, integrales e id\u00f3neos, permitiendo que desarrollen un pensamiento cr\u00edtico, adem\u00e1s de ser capaces de responder a las necesidades de salud de la provincia y del pa\u00eds, mejorando la calidad de atenci\u00f3n, en funci\u00f3n de la demanda de profesionales calificados.<\/p>\n<p>Para ingresar a las residencias de Enfermer\u00eda es necesario rendir el Examen \u00danico del Sistema Nacional de Residencias, establecido por la ley 22.127\/80 y llevado a cabo por el Ministerio de Salud de la Naci\u00f3n y las jurisdicciones. La duraci\u00f3n de cada Residencia de Enfermer\u00eda es de 3 a\u00f1os, se trata de una actividad formativa bajo un r\u00e9gimen de actividad a tiempo completo y con dedicaci\u00f3n exclusiva.<\/p>\n<p>La Dra. P\u00e9rez Pazo invit\u00f3 a los interesados a participar del Programa \u201cConoc\u00e9 nuestras residencias\u2026y sumate!, destinado a egresados de las carreras de Medicina, Enfermer\u00eda, Bioqu\u00edmica; Farmacia, Trabajo Social y Psicolog\u00eda, que les ofrece la oportunidad de conocer, antes de rendir el examen de ingreso, una visi\u00f3n general de las vivencias del residente y de su profesi\u00f3n especialidad en cada sede formadora.<\/p>\n","protected":false},"excerpt":{"rendered":"<p>Enfermer\u00eda cumple un rol fundamental en los equipos de salud orientados a dar respuesta de calidad de los cuidados en<\/p>\n","protected":false},"author":3,"featured_media":65177,"comment_status":"closed","ping_status":"closed","sticky":false,"template":"","format":"standard","meta":{"_acf_changed":false,"_seopress_robots_primary_cat":"none","_seopress_titles_title":"","_seopress_titles_desc":"","_seopress_robots_index":"","colormag_page_container_layout":"default_layout","colormag_page_sidebar_layout":"default_layout","footnotes":""},"categories":[15],"tags":[],"class_list":["post-65174","post","type-post","status-publish","format-standard","has-post-thumbnail","hentry","category-posgrados"],"acf":[],"_links":{"self":[{"href":"https:\/\/vocesparalelas.com.ar\/sitio\/wp-json\/wp\/v2\/posts\/65174","targetHints":{"allow":["GET"]}}],"collection":[{"href":"https:\/\/vocesparalelas.com.ar\/sitio\/wp-json\/wp\/v2\/posts"}],"about":[{"href":"https:\/\/vocesparalelas.com.ar\/sitio\/wp-json\/wp\/v2\/types\/post"}],"author":[{"embeddable":true,"href":"https:\/\/vocesparalelas.com.ar\/sitio\/wp-json\/wp\/v2\/users\/3"}],"replies":[{"embeddable":true,"href":"https:\/\/vocesparalelas.com.ar\/sitio\/wp-json\/wp\/v2\/comments?post=65174"}],"version-history":[{"count":1,"href":"https:\/\/vocesparalelas.com.ar\/sitio\/wp-json\/wp\/v2\/posts\/65174\/revisions"}],"predecessor-version":[{"id":65178,"href":"https:\/\/vocesparalelas.com.ar\/sitio\/wp-json\/wp\/v2\/posts\/65174\/revisions\/65178"}],"wp:featuredmedia":[{"embeddable":true,"href":"https:\/\/vocesparalelas.com.ar\/sitio\/wp-json\/wp\/v2\/media\/65177"}],"wp:attachment":[{"href":"https:\/\/vocesparalelas.com.ar\/sitio\/wp-json\/wp\/v2\/media?parent=65174"}],"wp:term":[{"taxonomy":"category","embeddable":true,"href":"https:\/\/vocesparalelas.com.ar\/sitio\/wp-json\/wp\/v2\/categories?post=65174"},{"taxonomy":"post_tag","embeddable":true,"href":"https:\/\/vocesparalelas.com.ar\/sitio\/wp-json\/wp\/v2\/tags?post=65174"}],"curies":[{"name":"wp","href":"https:\/\/api.w.org\/{rel}","templated":true}]}}