{"id":65169,"date":"2023-10-31T21:07:59","date_gmt":"2023-11-01T00:07:59","guid":{"rendered":"https:\/\/vocesparalelas.com.ar\/sitio\/?p=65169"},"modified":"2023-11-01T20:15:44","modified_gmt":"2023-11-01T23:15:44","slug":"ganadores-del-concurso-eco-egresados-de-san-juan","status":"publish","type":"post","link":"https:\/\/vocesparalelas.com.ar\/sitio\/ganadores-del-concurso-eco-egresados-de-san-juan\/","title":{"rendered":"Ganadores del Concurso \u00abEco Egresados\u00bb de San Juan"},"content":{"rendered":"<p>Estudiantes de nivel secundario del departamento San Mart\u00edn contribuyeron a la preservaci\u00f3n del ambiente a trav\u00e9s de la campa\u00f1a Eco Egresados, que organiza la Municipalidad de San Mart\u00edn y cuenta con el apoyo y colaboraci\u00f3n de la Secretar\u00eda de Estado de Ambiente y Desarrollo Sustentable.<\/p>\n<p>El objetivo de Eco Egresados es estimular y educar a los alumnos de las escuelas participantes para el cambio de h\u00e1bitos de consumo, generaci\u00f3n y descarte de los residuos creados. Al mismo tiempo, los alumnos del \u00faltimo a\u00f1o del secundario que logren recolectar la mayor cantidad de botellas pl\u00e1sticas, son premiados por esta labor, con una colaboraci\u00f3n econ\u00f3mica para su fiesta de egresados.<\/p>\n<p>El anuncio de los ganadores y entrega de premios se realiz\u00f3 en el Estadio Marta Orellana y estuvo a cargo del secretario de Ambiente, Francisco Guevara y el intendente departamental, Cristian Andino; tambi\u00e9n acompa\u00f1aron el director de Articulaci\u00f3n, Nicol\u00e1s Espejo; la secretaria de Gobierno, Anal\u00eda Becerra: autoridades de la Secretar\u00eda de Ambiente y municipales, junto a docentes y alumnos de los establecimientos educativos participantes.<\/p>\n<p>Respecto al aporte de la Secretar\u00eda de Ambiente a Eco Egresados, Guevara explic\u00f3 que \u201cdesde la Secretar\u00eda colaboramos con tablets para que puedan utilizar este soporte digital en materia educativa, adem\u00e1s colocamos islas de separaci\u00f3n de residuos s\u00f3lidos urbanos en cada escuela, para que todos los alumnos de la escuela colaboren con este programa\u201d.<\/p>\n<p>Adem\u00e1s, Guevara felicit\u00f3 al intendente por la gesti\u00f3n ambiental realizada y dijo que \u201cSan Mart\u00edn junto al Ministerio de Ambiente de la Naci\u00f3n est\u00e1 construyendo una plaza sustentable, trabaj\u00f3 en la creaci\u00f3n de bici sendas, est\u00e1n construyendo el Hogar de Tr\u00e1nsito para mascotas, entrega de bicicletas al personal municipal, aqu\u00ed entregamos contendores de residuos, l\u00e1mparas led, y en pocos d\u00edas realizaremos otra entrega. Las demandas sociales de la gesti\u00f3n p\u00fablica son cada vez m\u00e1s exigentes, y este municipio est\u00e1 siempre presente acompa\u00f1ando a los vecinos\u201d.<\/p>\n<p>Finalmente, el secretario de Ambiente se dirigi\u00f3 a los chicos, a quienes les expres\u00f3 \u201chay que involucrarse, hacerse parte, y en esta realidad ambiental no existe un planeta B, es nuestra \u00fanica casa y la conducta empieza por uno mismo, desde nuestros hogares como parte de un todo, pensando en lo colectivo por sobre lo individual, pensando en las generaciones que vienen, por ello los invito a seguir trabajando\u201d.<\/p>\n<p>Por su parte, Cristian Andino felicit\u00f3 \u00aba los chicos por esta tarea. Como valoramos mucho el esfuerzo pusimos en pr\u00e1ctica este programa para colaborar con lo m\u00ednimo, y a cambio les pedimos una actividad muy importante como es el cuidado del ambiente\u201d.<\/p>\n<p><img loading=\"lazy\" decoding=\"async\" class=\"alignnone size-large wp-image-18375\" src=\"https:\/\/vocesparalelas.com.ar\/sitio\/wp-content\/uploads\/2019\/01\/AMBIENTE-CARTEL-800x496.jpg\" alt=\"\" width=\"800\" height=\"496\" srcset=\"https:\/\/vocesparalelas.com.ar\/sitio\/wp-content\/uploads\/2019\/01\/AMBIENTE-CARTEL-800x496.jpg 800w, https:\/\/vocesparalelas.com.ar\/sitio\/wp-content\/uploads\/2019\/01\/AMBIENTE-CARTEL-300x186.jpg 300w, https:\/\/vocesparalelas.com.ar\/sitio\/wp-content\/uploads\/2019\/01\/AMBIENTE-CARTEL-768x476.jpg 768w, https:\/\/vocesparalelas.com.ar\/sitio\/wp-content\/uploads\/2019\/01\/AMBIENTE-CARTEL.jpg 1000w\" sizes=\"auto, (max-width: 800px) 100vw, 800px\" \/><\/p>\n","protected":false},"excerpt":{"rendered":"<p>Estudiantes de nivel secundario del departamento San Mart\u00edn contribuyeron a la preservaci\u00f3n del ambiente a trav\u00e9s de la campa\u00f1a Eco<\/p>\n","protected":false},"author":3,"featured_media":65172,"comment_status":"closed","ping_status":"closed","sticky":false,"template":"","format":"standard","meta":{"_acf_changed":false,"_seopress_robots_primary_cat":"none","_seopress_titles_title":"","_seopress_titles_desc":"","_seopress_robots_index":"","colormag_page_container_layout":"default_layout","colormag_page_sidebar_layout":"default_layout","footnotes":""},"categories":[8],"tags":[],"class_list":["post-65169","post","type-post","status-publish","format-standard","has-post-thumbnail","hentry","category-concursos"],"acf":[],"_links":{"self":[{"href":"https:\/\/vocesparalelas.com.ar\/sitio\/wp-json\/wp\/v2\/posts\/65169","targetHints":{"allow":["GET"]}}],"collection":[{"href":"https:\/\/vocesparalelas.com.ar\/sitio\/wp-json\/wp\/v2\/posts"}],"about":[{"href":"https:\/\/vocesparalelas.com.ar\/sitio\/wp-json\/wp\/v2\/types\/post"}],"author":[{"embeddable":true,"href":"https:\/\/vocesparalelas.com.ar\/sitio\/wp-json\/wp\/v2\/users\/3"}],"replies":[{"embeddable":true,"href":"https:\/\/vocesparalelas.com.ar\/sitio\/wp-json\/wp\/v2\/comments?post=65169"}],"version-history":[{"count":1,"href":"https:\/\/vocesparalelas.com.ar\/sitio\/wp-json\/wp\/v2\/posts\/65169\/revisions"}],"predecessor-version":[{"id":65173,"href":"https:\/\/vocesparalelas.com.ar\/sitio\/wp-json\/wp\/v2\/posts\/65169\/revisions\/65173"}],"wp:featuredmedia":[{"embeddable":true,"href":"https:\/\/vocesparalelas.com.ar\/sitio\/wp-json\/wp\/v2\/media\/65172"}],"wp:attachment":[{"href":"https:\/\/vocesparalelas.com.ar\/sitio\/wp-json\/wp\/v2\/media?parent=65169"}],"wp:term":[{"taxonomy":"category","embeddable":true,"href":"https:\/\/vocesparalelas.com.ar\/sitio\/wp-json\/wp\/v2\/categories?post=65169"},{"taxonomy":"post_tag","embeddable":true,"href":"https:\/\/vocesparalelas.com.ar\/sitio\/wp-json\/wp\/v2\/tags?post=65169"}],"curies":[{"name":"wp","href":"https:\/\/api.w.org\/{rel}","templated":true}]}}