{"id":65164,"date":"2023-10-31T21:01:43","date_gmt":"2023-11-01T00:01:43","guid":{"rendered":"https:\/\/vocesparalelas.com.ar\/sitio\/?p=65164"},"modified":"2023-11-01T21:51:24","modified_gmt":"2023-11-02T00:51:24","slug":"avanzan-las-obras-en-los-edificios-educativos-de-san-juan","status":"publish","type":"post","link":"https:\/\/vocesparalelas.com.ar\/sitio\/avanzan-las-obras-en-los-edificios-educativos-de-san-juan\/","title":{"rendered":"Avanzan las obras en los Edificios Educativos de San Juan"},"content":{"rendered":"<p>La construcci\u00f3n de nuevas escuelas junto a las obras de ampliaci\u00f3n, refacci\u00f3n, modernizaci\u00f3n y refuncionalizaci\u00f3n de edificios existentes, representan una de las claves para brindar una mejor estructura educativa en la provincia. Actualmente,\u00a0existen 30 obras escolares en etapa de construcci\u00f3n, de las cuales 8 est\u00e1n previstas que se finalicen este a\u00f1o.<\/p>\n<p>En esta l\u00ednea, el Ministerio de Obras y Servicios P\u00fablicos del Gobierno de San Juan trabaja en forma conjunta con el de Educaci\u00f3n para garantizar el acceso a una educaci\u00f3n p\u00fablica de calidad.<\/p>\n<p>La Subsecretar\u00eda de Arquitectura estima que este a\u00f1o finalizan las obras en 8 edificios escolares en distintos departamentos:<\/p>\n<ul>\n<li>Escuela de Nivel Inicial (ENI) N\u00b0 53 \u201cDr. Guillermo Rawson- Dr. Ignacio de la Roza\u201d,<\/li>\n<li>Escuela de Educaci\u00f3n Especial M\u00faltiple de Angaco,<\/li>\n<li>Escuela Provincia de La Rioja,<\/li>\n<li>Escuela Albarrac\u00edn de Sarmiento,<\/li>\n<li>Escuela Fruticultura y Enolog\u00eda,<\/li>\n<li>Escuela Francisco Laprida-Bernardino Rivadavia,<\/li>\n<li>Escuela Presidente Sarmiento y<\/li>\n<li>Escuela Jos\u00e9 Rudecindo Rojo<\/li>\n<\/ul>\n<p>A su vez, se continuar\u00e1 trabajando en 2024 en m\u00faltiples obras en 22 instituciones educativas, las cuales son:<\/p>\n<ul>\n<li>Instituto de Educaci\u00f3n F\u00edsica \u201cLa Granja\u201d,<\/li>\n<li>Albergue Provincia de San Luis,<\/li>\n<li>Escuela Arturo Capdevilla,<\/li>\n<li>Escuela Jos\u00e9 Mar\u00eda Guti\u00e9rrez,<\/li>\n<li>Escuela Provincia de Neuqu\u00e9n,<\/li>\n<li>Escuela Horacio Mann,<\/li>\n<li>Escuela Pascual Chena,<\/li>\n<li>Escuela Jos\u00e9 L. Radicce,<\/li>\n<li>Escuela Primaria Pie de Palo,<\/li>\n<li>Escuela Secundario Barrio Santa Mar\u00eda,<\/li>\n<li>Escuela Primaria Barrio 7 de Septiembre,<\/li>\n<li>Escuela Secundario Segundino Navarro,<\/li>\n<li>Albergue Casa del Ni\u00f1o,<\/li>\n<li>Escuela Provincia de La Rioja,<\/li>\n<li>Paulo VI-JINZ N\u00b010,<\/li>\n<li>Escuela Albarrac\u00edn de Sarmiento,<\/li>\n<li>UEPA\/ETCL Pignatari,<\/li>\n<li>Fruticultura y Enolog\u00eda,<\/li>\n<li>Escuela Francisco Laprida-Bernardino Rivadavia,<\/li>\n<li>Escuela Presidente Sarmiento y<\/li>\n<li>Escuela Rudecindo Rojo.<\/li>\n<\/ul>\n<p>Adem\u00e1s, se est\u00e1n realizando creaciones y refacciones en<\/p>\n<ul>\n<li>ENI N\u00b0 54 Segundino Navarro,<\/li>\n<li>Jorge Washington,<\/li>\n<li>Barrio 7 de Septiembre y<\/li>\n<li>Ullum.<\/li>\n<\/ul>\n<p><span style=\"color: #ff6600;\"><b>La EPET 4 m\u00e1s cerca de hacer realidad su sue\u00f1o<\/b><\/span><\/p>\n<p>El nuevo y moderno edificio de la EPET 4 se encuentra en un punto estrat\u00e9gico de la ciudad sanjuanina, Av. Espa\u00f1a y 9 de Julio. Con orgullo se puede decir que es casi un hecho que el sue\u00f1o del edificio propio se concrete, ya que se contempla su inauguraci\u00f3n para mediados del 2024.<\/p>\n<p>Con esta instituci\u00f3n t\u00e9cnica exist\u00eda una deuda hist\u00f3rica porque desde su creaci\u00f3n, hace 45 a\u00f1os, comparte espacio con la EPET 2; con los a\u00f1os la comunidad educativa fue creciendo y por esta raz\u00f3n se hizo necesaria la creaci\u00f3n de una edificaci\u00f3n. La extensi\u00f3n del nuevo espacio es de 5.000 m2.<\/p>\n<p><span style=\"color: #ff6600;\"><b>Avances en Centros de Desarrollo Infantil<\/b><\/span><\/p>\n<p>Tambi\u00e9n se est\u00e1 ejecutando la edificaci\u00f3n de 11 Centros de Desarrollo Infantil (CDI) en los departamentos de Angaco, Rivadavia, Valle F\u00e9rtil, 25 de Mayo, Pocito, Caucete, Santa Luc\u00eda, Sarmiento, Calingasta, Ullum, Chimbas, J\u00e1chal, San Mart\u00edn y Rawson. Para este a\u00f1o est\u00e1 prevista la conclusi\u00f3n de los CDI de Valle F\u00e9rtil y 25 de Mayo.<\/p>\n<p>Estas obras permiten que ni\u00f1os y ni\u00f1as de 45 d\u00edas a 3 a\u00f1os, de toda la provincia, cuenten con espacios de contenci\u00f3n y esparcimiento, ya que la primera infancia constituye uno de los pilares de gesti\u00f3n del Estado Provincial. En este caso, se ha conseguido gracias al trabajo articulado entre los ministerios de Obras y de Desarrollo Humano, a fin de garantizar m\u00e1s derechos para la ciudadan\u00eda.<\/p>\n<p><img loading=\"lazy\" decoding=\"async\" class=\"alignnone size-large wp-image-25616\" src=\"https:\/\/vocesparalelas.com.ar\/sitio\/wp-content\/uploads\/2019\/12\/GOBIERNO-BANDERA-01-800x533.jpg\" alt=\"\" width=\"800\" height=\"533\" srcset=\"https:\/\/vocesparalelas.com.ar\/sitio\/wp-content\/uploads\/2019\/12\/GOBIERNO-BANDERA-01.jpg 800w, https:\/\/vocesparalelas.com.ar\/sitio\/wp-content\/uploads\/2019\/12\/GOBIERNO-BANDERA-01-300x200.jpg 300w, https:\/\/vocesparalelas.com.ar\/sitio\/wp-content\/uploads\/2019\/12\/GOBIERNO-BANDERA-01-768x512.jpg 768w\" sizes=\"auto, (max-width: 800px) 100vw, 800px\" \/><\/p>\n","protected":false},"excerpt":{"rendered":"<p>La construcci\u00f3n de nuevas escuelas junto a las obras de ampliaci\u00f3n, refacci\u00f3n, modernizaci\u00f3n y refuncionalizaci\u00f3n de edificios existentes, representan una<\/p>\n","protected":false},"author":3,"featured_media":48308,"comment_status":"closed","ping_status":"closed","sticky":false,"template":"","format":"standard","meta":{"_acf_changed":false,"_seopress_robots_primary_cat":"none","_seopress_titles_title":"","_seopress_titles_desc":"","_seopress_robots_index":"","colormag_page_container_layout":"default_layout","colormag_page_sidebar_layout":"default_layout","footnotes":""},"categories":[2],"tags":[],"class_list":["post-65164","post","type-post","status-publish","format-standard","has-post-thumbnail","hentry","category-convocatorias"],"acf":[],"_links":{"self":[{"href":"https:\/\/vocesparalelas.com.ar\/sitio\/wp-json\/wp\/v2\/posts\/65164","targetHints":{"allow":["GET"]}}],"collection":[{"href":"https:\/\/vocesparalelas.com.ar\/sitio\/wp-json\/wp\/v2\/posts"}],"about":[{"href":"https:\/\/vocesparalelas.com.ar\/sitio\/wp-json\/wp\/v2\/types\/post"}],"author":[{"embeddable":true,"href":"https:\/\/vocesparalelas.com.ar\/sitio\/wp-json\/wp\/v2\/users\/3"}],"replies":[{"embeddable":true,"href":"https:\/\/vocesparalelas.com.ar\/sitio\/wp-json\/wp\/v2\/comments?post=65164"}],"version-history":[{"count":1,"href":"https:\/\/vocesparalelas.com.ar\/sitio\/wp-json\/wp\/v2\/posts\/65164\/revisions"}],"predecessor-version":[{"id":65167,"href":"https:\/\/vocesparalelas.com.ar\/sitio\/wp-json\/wp\/v2\/posts\/65164\/revisions\/65167"}],"wp:featuredmedia":[{"embeddable":true,"href":"https:\/\/vocesparalelas.com.ar\/sitio\/wp-json\/wp\/v2\/media\/48308"}],"wp:attachment":[{"href":"https:\/\/vocesparalelas.com.ar\/sitio\/wp-json\/wp\/v2\/media?parent=65164"}],"wp:term":[{"taxonomy":"category","embeddable":true,"href":"https:\/\/vocesparalelas.com.ar\/sitio\/wp-json\/wp\/v2\/categories?post=65164"},{"taxonomy":"post_tag","embeddable":true,"href":"https:\/\/vocesparalelas.com.ar\/sitio\/wp-json\/wp\/v2\/tags?post=65164"}],"curies":[{"name":"wp","href":"https:\/\/api.w.org\/{rel}","templated":true}]}}