{"id":65156,"date":"2023-10-31T19:11:25","date_gmt":"2023-10-31T22:11:25","guid":{"rendered":"https:\/\/vocesparalelas.com.ar\/sitio\/?p=65156"},"modified":"2023-11-01T20:32:37","modified_gmt":"2023-11-01T23:32:37","slug":"billetera-san-juan-aumenta-el-tope-de-reintegro-a-7500-mensuales","status":"publish","type":"post","link":"https:\/\/vocesparalelas.com.ar\/sitio\/billetera-san-juan-aumenta-el-tope-de-reintegro-a-7500-mensuales\/","title":{"rendered":"Billetera San Juan aumenta el tope de reintegro a $7500 mensuales"},"content":{"rendered":"<p>Adem\u00e1s del aumento en el monto del reintegro mensual se suma la devoluci\u00f3n de IVA por las compras con tarjeta de d\u00e9bito<\/p>\n<p>A partir del 1 de noviembre de 2023, el Programa Billetera San Juan aumenta el tope mensual de reintegro pasando de los $4.000 actuales a $7.500, adem\u00e1s de sumar la devoluci\u00f3n de IVA por las compras con Tarjeta de d\u00e9bito, de acuerdo al programa Compre sin IVA en productos de la canasta b\u00e1sica.<\/p>\n<p>El Programa Billetera San Juan tiene como objetivo incentivar el consumo en la provincia, potenciar las ventas de comercios locales y generar inclusi\u00f3n financiera en la comunidad.<\/p>\n<p>Es un programa abierto a toda la sociedad sanjuanina al que pueden acceder todos los comercios radicados en la provincia y todas las personas con domicilio en San Juan, mayores de 18 a\u00f1os, que est\u00e9n o no bancarizadas. En el caso de las personas bancarizadas, se pueden adherir con cualquier tarjeta de d\u00e9bito sin importar la entidad financiera y si no son clientes de ning\u00fan banco, tambi\u00e9n participan, cargando saldos en cualquier puesto de San Juan Servicios de la Provincia. A este beneficio podr\u00e1n acceder todos los integrantes de una familia que compren con su billetera generando un incremento del poder adquisitivo del grupo familiar.<\/p>\n<p>Desde su puesta en marcha, en diciembre de 2022, el Programa Billetera San Juan crece mes a mes y los sanjuaninos aprovechan los descuentos en las compras en los comercios adheridos. A la fecha suma m\u00e1s de 35 mil usuarios y m\u00e1s de 850 comercios distribuidos en todas las localidades de la Provincia.<\/p>\n<p>Para todo sanjuanino mayor de 18 a\u00f1os transformar el celular en una billetera, sin costo adicional, es muy sencillo, los pasos son:<\/p>\n<ol>\n<li>Entra a Play Store en tu tel\u00e9fono m\u00f3vil.<\/li>\n<li>Busca y descarga la Billetera San Juan.<\/li>\n<li>Completa los datos siguiendo los pasos.<\/li>\n<li>Adher\u00ed tus tarjetas de d\u00e9bito de cualquier banco o carga saldo virtual en cualquier San Juan servicios o a trav\u00e9s de una transferencia y \u00a1listo!<\/li>\n<li>Podes comenzar a disfrutar de los beneficios haciendo tus compras en los comercios adheridos, buscalos en tu zona est\u00e1n identificados y tambi\u00e9n figuran en la app de Billetera San Juan en locales con QR.<\/li>\n<li>Recib\u00ed a las 24 hs. h\u00e1biles el reintegro en saldos virtuales en tu billetera y segu\u00ed aprovechando los beneficios.<\/li>\n<\/ol>\n<p>En el caso del comercio sanjuanino que quiera sumarse al programa y contar con una herramienta de beneficios para ofrecer a sus clientes y as\u00ed incrementar sus ventas, podr\u00e1 adherirse al programa r\u00e1pidamente, en pocos pasos y de forma 100% online. <a href=\"http:\/\/www.bancosanjuan.com\/empresas\">www.bancosanjuan.com\/empresas<\/a>.<\/p>\n<p>Billetera San Juan es una iniciativa del Gobierno de San Juan a trav\u00e9s del Ministerio de Producci\u00f3n y Desarrollo Econ\u00f3mico y el Ministerio de Hacienda y Finanzas en conjunto con Banco San Juan y Pluspagos.<\/p>\n<p>Toda la informaci\u00f3n, bases y condiciones estar\u00e1n publicadas en la web del Gobierno de San Juan y en la de Plus Pagos.<\/p>\n<p><img loading=\"lazy\" decoding=\"async\" class=\"alignnone size-large wp-image-5189\" src=\"https:\/\/vocesparalelas.com.ar\/sitio\/wp-content\/uploads\/2017\/09\/BANCO-SAN-JUAN-8-800x450.jpg\" alt=\"\" width=\"800\" height=\"450\" srcset=\"https:\/\/vocesparalelas.com.ar\/sitio\/wp-content\/uploads\/2017\/09\/BANCO-SAN-JUAN-8-800x450.jpg 800w, https:\/\/vocesparalelas.com.ar\/sitio\/wp-content\/uploads\/2017\/09\/BANCO-SAN-JUAN-8-300x169.jpg 300w, https:\/\/vocesparalelas.com.ar\/sitio\/wp-content\/uploads\/2017\/09\/BANCO-SAN-JUAN-8-768x432.jpg 768w, https:\/\/vocesparalelas.com.ar\/sitio\/wp-content\/uploads\/2017\/09\/BANCO-SAN-JUAN-8.jpg 1024w\" sizes=\"auto, (max-width: 800px) 100vw, 800px\" \/><\/p>\n","protected":false},"excerpt":{"rendered":"<p>Adem\u00e1s del aumento en el monto del reintegro mensual se suma la devoluci\u00f3n de IVA por las compras con tarjeta<\/p>\n","protected":false},"author":3,"featured_media":58744,"comment_status":"closed","ping_status":"closed","sticky":false,"template":"","format":"standard","meta":{"_acf_changed":false,"_seopress_robots_primary_cat":"none","_seopress_titles_title":"","_seopress_titles_desc":"","_seopress_robots_index":"","colormag_page_container_layout":"default_layout","colormag_page_sidebar_layout":"default_layout","footnotes":""},"categories":[11],"tags":[],"class_list":["post-65156","post","type-post","status-publish","format-standard","has-post-thumbnail","hentry","category-sociales"],"acf":[],"_links":{"self":[{"href":"https:\/\/vocesparalelas.com.ar\/sitio\/wp-json\/wp\/v2\/posts\/65156","targetHints":{"allow":["GET"]}}],"collection":[{"href":"https:\/\/vocesparalelas.com.ar\/sitio\/wp-json\/wp\/v2\/posts"}],"about":[{"href":"https:\/\/vocesparalelas.com.ar\/sitio\/wp-json\/wp\/v2\/types\/post"}],"author":[{"embeddable":true,"href":"https:\/\/vocesparalelas.com.ar\/sitio\/wp-json\/wp\/v2\/users\/3"}],"replies":[{"embeddable":true,"href":"https:\/\/vocesparalelas.com.ar\/sitio\/wp-json\/wp\/v2\/comments?post=65156"}],"version-history":[{"count":1,"href":"https:\/\/vocesparalelas.com.ar\/sitio\/wp-json\/wp\/v2\/posts\/65156\/revisions"}],"predecessor-version":[{"id":65159,"href":"https:\/\/vocesparalelas.com.ar\/sitio\/wp-json\/wp\/v2\/posts\/65156\/revisions\/65159"}],"wp:featuredmedia":[{"embeddable":true,"href":"https:\/\/vocesparalelas.com.ar\/sitio\/wp-json\/wp\/v2\/media\/58744"}],"wp:attachment":[{"href":"https:\/\/vocesparalelas.com.ar\/sitio\/wp-json\/wp\/v2\/media?parent=65156"}],"wp:term":[{"taxonomy":"category","embeddable":true,"href":"https:\/\/vocesparalelas.com.ar\/sitio\/wp-json\/wp\/v2\/categories?post=65156"},{"taxonomy":"post_tag","embeddable":true,"href":"https:\/\/vocesparalelas.com.ar\/sitio\/wp-json\/wp\/v2\/tags?post=65156"}],"curies":[{"name":"wp","href":"https:\/\/api.w.org\/{rel}","templated":true}]}}