{"id":65149,"date":"2023-10-30T21:25:17","date_gmt":"2023-10-31T00:25:17","guid":{"rendered":"https:\/\/vocesparalelas.com.ar\/sitio\/?p=65149"},"modified":"2023-10-31T21:04:31","modified_gmt":"2023-11-01T00:04:31","slug":"asume-un-nuevo-presidente-de-obras-sanitarias-sociedad-del-estado-de-san-juan","status":"publish","type":"post","link":"https:\/\/vocesparalelas.com.ar\/sitio\/asume-un-nuevo-presidente-de-obras-sanitarias-sociedad-del-estado-de-san-juan\/","title":{"rendered":"Asume un nuevo presidente de Obras Sanitarias Sociedad del Estado de San Juan"},"content":{"rendered":"<p>El ministro de Obras y Servicios P\u00fablicos, Ing. Julio Ortiz Andino mantuvo una reuni\u00f3n con Mauricio Ibarra, quien asumir\u00e1 las funciones como presidente de Obras Sanitarias Sociedad del Estado. El encuentro tuvo como objetivo poner en conocimiento al funcionario entrante sobre el estado de situaci\u00f3n de la empresa y cont\u00f3 con la presencia de la gerencia de la empresa y el presidente actual, CPN Guillermo Sirerol.<\/p>\n<p>Ibarra se desempe\u00f1\u00f3 en la funci\u00f3n p\u00fablica como intendente de Rawson y diputado nacional, y asumir\u00e1 la responsabilidad m\u00e1xima en OSSE a partir del martes 31 de octubre de 2023.<\/p>\n<p>Por su parte, el CPN Guillermo Sirerol, quien ejerci\u00f3 la funci\u00f3n como titular de Obras Sanitarias desde diciembre del 2019 hasta la fecha, manifest\u00f3 que \u00abquiero agradecer todo el apoyo y la colaboraci\u00f3n que he recibido de todo el personal de la empresa. Considero que hemos logrado grandes metas y objetivos en esta gesti\u00f3n, dejando una empresa s\u00f3lida en sus finanzas, obras, producci\u00f3n y servicios. Adem\u00e1s, la empresa est\u00e1 respaldada por un equipo humano que responde fielmente a la demanda y crecimiento de la provincia\u201d.<\/p>\n<p>\u201cTambi\u00e9n quiero expresarles mi satisfacci\u00f3n en mi paso por OSSE. Esta empresa tiene la caracter\u00edstica de que cada d\u00eda es un desaf\u00edo diferente, lo que me ha permitido crecer profesional y personalmente, pero adem\u00e1s ha sido un placer trabajar con el equipo de esta instituci\u00f3n\u201d &#8211; concluy\u00f3.<\/p>\n<p>&nbsp;<\/p>\n<p><img loading=\"lazy\" decoding=\"async\" class=\"alignnone size-full wp-image-62349\" src=\"https:\/\/vocesparalelas.com.ar\/sitio\/wp-content\/uploads\/2023\/08\/OSSE-EDIFICIO.jpg\" alt=\"\" width=\"800\" height=\"600\" srcset=\"https:\/\/vocesparalelas.com.ar\/sitio\/wp-content\/uploads\/2023\/08\/OSSE-EDIFICIO.jpg 800w, https:\/\/vocesparalelas.com.ar\/sitio\/wp-content\/uploads\/2023\/08\/OSSE-EDIFICIO-300x225.jpg 300w, https:\/\/vocesparalelas.com.ar\/sitio\/wp-content\/uploads\/2023\/08\/OSSE-EDIFICIO-768x576.jpg 768w\" sizes=\"auto, (max-width: 800px) 100vw, 800px\" \/><\/p>\n","protected":false},"excerpt":{"rendered":"<p>El ministro de Obras y Servicios P\u00fablicos, Ing. Julio Ortiz Andino mantuvo una reuni\u00f3n con Mauricio Ibarra, quien asumir\u00e1 las<\/p>\n","protected":false},"author":3,"featured_media":65168,"comment_status":"closed","ping_status":"closed","sticky":false,"template":"","format":"standard","meta":{"_acf_changed":false,"_seopress_robots_primary_cat":"none","_seopress_titles_title":"","_seopress_titles_desc":"","_seopress_robots_index":"","colormag_page_container_layout":"default_layout","colormag_page_sidebar_layout":"default_layout","footnotes":""},"categories":[1],"tags":[],"class_list":["post-65149","post","type-post","status-publish","format-standard","has-post-thumbnail","hentry","category-destacadas"],"acf":[],"_links":{"self":[{"href":"https:\/\/vocesparalelas.com.ar\/sitio\/wp-json\/wp\/v2\/posts\/65149","targetHints":{"allow":["GET"]}}],"collection":[{"href":"https:\/\/vocesparalelas.com.ar\/sitio\/wp-json\/wp\/v2\/posts"}],"about":[{"href":"https:\/\/vocesparalelas.com.ar\/sitio\/wp-json\/wp\/v2\/types\/post"}],"author":[{"embeddable":true,"href":"https:\/\/vocesparalelas.com.ar\/sitio\/wp-json\/wp\/v2\/users\/3"}],"replies":[{"embeddable":true,"href":"https:\/\/vocesparalelas.com.ar\/sitio\/wp-json\/wp\/v2\/comments?post=65149"}],"version-history":[{"count":1,"href":"https:\/\/vocesparalelas.com.ar\/sitio\/wp-json\/wp\/v2\/posts\/65149\/revisions"}],"predecessor-version":[{"id":65153,"href":"https:\/\/vocesparalelas.com.ar\/sitio\/wp-json\/wp\/v2\/posts\/65149\/revisions\/65153"}],"wp:featuredmedia":[{"embeddable":true,"href":"https:\/\/vocesparalelas.com.ar\/sitio\/wp-json\/wp\/v2\/media\/65168"}],"wp:attachment":[{"href":"https:\/\/vocesparalelas.com.ar\/sitio\/wp-json\/wp\/v2\/media?parent=65149"}],"wp:term":[{"taxonomy":"category","embeddable":true,"href":"https:\/\/vocesparalelas.com.ar\/sitio\/wp-json\/wp\/v2\/categories?post=65149"},{"taxonomy":"post_tag","embeddable":true,"href":"https:\/\/vocesparalelas.com.ar\/sitio\/wp-json\/wp\/v2\/tags?post=65149"}],"curies":[{"name":"wp","href":"https:\/\/api.w.org\/{rel}","templated":true}]}}