{"id":65146,"date":"2023-10-31T20:10:48","date_gmt":"2023-10-31T23:10:48","guid":{"rendered":"https:\/\/vocesparalelas.com.ar\/sitio\/?p=65146"},"modified":"2023-11-01T20:25:47","modified_gmt":"2023-11-01T23:25:47","slug":"se-desarrollo-el-panel-historia-de-la-universidad-nacional-de-san-juan-en-la-ffha-de-la-unsj","status":"publish","type":"post","link":"https:\/\/vocesparalelas.com.ar\/sitio\/se-desarrollo-el-panel-historia-de-la-universidad-nacional-de-san-juan-en-la-ffha-de-la-unsj\/","title":{"rendered":"Se desarroll\u00f3 el Panel \u00abHistoria de la Universidad Nacional de San Juan\u00bb en la FFHA de la UNSJ"},"content":{"rendered":"<p>El Instituto de Investigaciones en Historia Regional y Argentina \u00abProf. H\u00e9ctor Arias\u00bb de la Facultad de Filosof\u00eda, Humanidades y Artes de la Universidad Nacional de San Juan desarroll\u00f3 el Panel \u00abHistoria de la Universidad Nacional de San Juan: Memoria y pensamiento. Reflexi\u00f3n en el marco del 50\u00b0 Aniversario de su creaci\u00f3n\u00bb.<\/p>\n<p>Fue un encuentro cargado de recuerdos, an\u00e9cdotas y donde se destac\u00f3 la instituci\u00f3n como la precursora de la Universidad P\u00fablica y Gratuita.<\/p>\n<p>Por ello, Voces Paralelas desarroll\u00f3 una entrevista Period\u00edstica a la Decana de la FFHA de la UNSJ, Mg. Myriam Arrabal quien destac\u00f3 el trabajo de investigaci\u00f3n que realiza el Instituto buscando testimonios y analizando la construcci\u00f3n de la UNSJ en sus 50 a\u00f1os de vida.<\/p>\n<p><iframe loading=\"lazy\" title=\"FFHA UNSJ DECANA MG MYRIAN ARRABAL\" width=\"800\" height=\"450\" src=\"https:\/\/www.youtube.com\/embed\/L9oVbBE35Ho?feature=oembed\" frameborder=\"0\" allow=\"accelerometer; autoplay; clipboard-write; encrypted-media; gyroscope; picture-in-picture; web-share\" allowfullscreen><\/iframe><\/p>\n<p>Proyecto \u201cHistoria de la UNSJ. Desarrollo y consolidaci\u00f3n en clave regional (1995- 2021). Primera parte. Aprobado con financiamiento por la UNSJ<\/p>\n<p><strong><span style=\"color: #0000ff;\">Equipo<\/span><\/strong><\/p>\n<ul>\n<li>Directora: Dra. Mar\u00eda Susana Clavel Jameson<\/li>\n<li>Co Directora: Dra. Grisby Ogas Puga<\/li>\n<\/ul>\n<p><strong><span style=\"color: #0000ff;\">Integrantes<\/span><\/strong><\/p>\n<ul>\n<li>Lic. Pablo Olazabal,<\/li>\n<li>Mag. Adela Varas,<\/li>\n<li>Dra. Bel\u00e9n Ginestar,<\/li>\n<li>Lic. Mariela Zappala,<\/li>\n<li>Lic. Luciana Bustos,<\/li>\n<li>Mag. Ram\u00f3n Mercado,<\/li>\n<li>Mag. Claudia Mallea,<\/li>\n<li>Prof. Maria Julia Gnecco,<\/li>\n<li>Dra. Graciela Musri,<\/li>\n<li>Florencia Tejada,<\/li>\n<li>Flavia Caba\u00f1as,<\/li>\n<li>Esther Balmaceda,<\/li>\n<li>Carla Montero,<\/li>\n<li>Claudia Chavez,<\/li>\n<li>Nadia Vera,<\/li>\n<li>Cristina Pontoriero,<\/li>\n<li>Graciela Armand,<\/li>\n<li>Francisco Vera<\/li>\n<\/ul>\n<p>&nbsp;<\/p>\n<p>&nbsp;<\/p>\n<p><strong><span style=\"color: #0000ff;\">Panelistas Invitados<\/span><\/strong><\/p>\n<ul>\n<li>Dra. Josefa Berenguer,<\/li>\n<li>Esther S\u00e1nchez,<\/li>\n<li>Dra. Graciela Musri,<\/li>\n<li>Juan Olgu\u00edn,<\/li>\n<li>Dr. Juan Mariel Erostarbe,<\/li>\n<li>Mar\u00eda Julia Gnecco<\/li>\n<\/ul>\n<figure id=\"attachment_65162\" aria-describedby=\"caption-attachment-65162\" style=\"width: 800px\" class=\"wp-caption alignnone\"><img loading=\"lazy\" decoding=\"async\" class=\"size-full wp-image-65162\" src=\"https:\/\/vocesparalelas.com.ar\/sitio\/wp-content\/uploads\/2023\/10\/FFHA-HISTORIA-03.jpg\" alt=\"\" width=\"800\" height=\"389\" srcset=\"https:\/\/vocesparalelas.com.ar\/sitio\/wp-content\/uploads\/2023\/10\/FFHA-HISTORIA-03.jpg 800w, https:\/\/vocesparalelas.com.ar\/sitio\/wp-content\/uploads\/2023\/10\/FFHA-HISTORIA-03-300x146.jpg 300w, https:\/\/vocesparalelas.com.ar\/sitio\/wp-content\/uploads\/2023\/10\/FFHA-HISTORIA-03-768x373.jpg 768w\" sizes=\"auto, (max-width: 800px) 100vw, 800px\" \/><figcaption id=\"caption-attachment-65162\" class=\"wp-caption-text\">La directora del proyecto Dra. Mar\u00eda Susana Clavel Jameson, la Decana de la FFHA de la UNSJ, Mg. Myriam Arrabal, la Secretaria de Investigaci\u00f3n y Creaci\u00f3n, Mg. Rosa Garbarino y el Lic. Pablo Olazabal<\/figcaption><\/figure>\n<p>&nbsp;<\/p>\n<p><iframe loading=\"lazy\" title=\"FFHA UNSJ LIC PABLO OLAZABAL\" width=\"800\" height=\"450\" src=\"https:\/\/www.youtube.com\/embed\/x3y_Fy3ejAc?feature=oembed\" frameborder=\"0\" allow=\"accelerometer; autoplay; clipboard-write; encrypted-media; gyroscope; picture-in-picture; web-share\" allowfullscreen><\/iframe><\/p>\n<p>Luego, la Secretaria de Investigaci\u00f3n y Creaci\u00f3n de la FFHA de la UNSJ, Mg. Rosa Garbarino, quien destac\u00f3 los aportes del Instituto de Investigaciones en Historia Regional y Argentina \u00abProf. H\u00e9ctor Arias\u00bb, cuyo integrantes del proyecto trabajan para valorizar la Historia de los 50\u00b0 Aniversario de la UNSJ.<\/p>\n<p><iframe loading=\"lazy\" title=\"FFHA UNSJ MG ROSA GARBARINO\" width=\"800\" height=\"450\" src=\"https:\/\/www.youtube.com\/embed\/8_-UZcRHqZE?feature=oembed\" frameborder=\"0\" allow=\"accelerometer; autoplay; clipboard-write; encrypted-media; gyroscope; picture-in-picture; web-share\" allowfullscreen><\/iframe><\/p>\n<p>La Directora del Proyecto de investigaci\u00f3n \u201cHistoria de la UNSJ. Desarrollo y consolidaci\u00f3n en clave regional (1995- 2021). Primera parte, Dra. Mar\u00eda Susana Clavel Jameson explic\u00f3 el desarrollo del Panel con los invitados especiales que contaron sus experiencias de vida en la UNSJ.<\/p>\n<p>&nbsp;<\/p>\n<p><iframe loading=\"lazy\" title=\"FFHA UNSJ DRA SUSANA CLAVEL\" width=\"800\" height=\"450\" src=\"https:\/\/www.youtube.com\/embed\/rz2dALML8Ds?feature=oembed\" frameborder=\"0\" allow=\"accelerometer; autoplay; clipboard-write; encrypted-media; gyroscope; picture-in-picture; web-share\" allowfullscreen><\/iframe><\/p>\n<p>&nbsp;<\/p>\n<p>Luego se conform\u00f3 la mesa acad\u00e9mica con los invitados especiales que cumplieron su rol desde su lugar de trabajo para contribuir al crecimiento de la UNSJ construyendo San Juan.<\/p>\n<p>&nbsp;<\/p>\n<figure id=\"attachment_65161\" aria-describedby=\"caption-attachment-65161\" style=\"width: 800px\" class=\"wp-caption alignnone\"><img loading=\"lazy\" decoding=\"async\" class=\"size-full wp-image-65161\" src=\"https:\/\/vocesparalelas.com.ar\/sitio\/wp-content\/uploads\/2023\/10\/FFHA-HISTORIA-02.jpg\" alt=\"\" width=\"800\" height=\"519\" srcset=\"https:\/\/vocesparalelas.com.ar\/sitio\/wp-content\/uploads\/2023\/10\/FFHA-HISTORIA-02.jpg 800w, https:\/\/vocesparalelas.com.ar\/sitio\/wp-content\/uploads\/2023\/10\/FFHA-HISTORIA-02-300x195.jpg 300w, https:\/\/vocesparalelas.com.ar\/sitio\/wp-content\/uploads\/2023\/10\/FFHA-HISTORIA-02-768x498.jpg 768w\" sizes=\"auto, (max-width: 800px) 100vw, 800px\" \/><figcaption id=\"caption-attachment-65161\" class=\"wp-caption-text\">Panelistas Invitados: Dra Josefa Berenguer, Prof. Esther S\u00e1nchez, Dra Graciela Musri, Prof. Juan Olgu\u00edn, Dr Juan Mariel Erostarbe, Prof. Mar\u00eda Julia Gnecco junto a la directora del proyecto Dra. Mar\u00eda Susana Clavel Jameson<\/figcaption><\/figure>\n<p><img loading=\"lazy\" decoding=\"async\" class=\"alignnone size-full wp-image-60412\" src=\"https:\/\/vocesparalelas.com.ar\/sitio\/wp-content\/uploads\/2023\/06\/FFHA-EDIFICIO.jpg\" alt=\"\" width=\"800\" height=\"429\" srcset=\"https:\/\/vocesparalelas.com.ar\/sitio\/wp-content\/uploads\/2023\/06\/FFHA-EDIFICIO.jpg 800w, https:\/\/vocesparalelas.com.ar\/sitio\/wp-content\/uploads\/2023\/06\/FFHA-EDIFICIO-300x161.jpg 300w, https:\/\/vocesparalelas.com.ar\/sitio\/wp-content\/uploads\/2023\/06\/FFHA-EDIFICIO-768x412.jpg 768w\" sizes=\"auto, (max-width: 800px) 100vw, 800px\" \/><\/p>\n<p>&nbsp;<\/p>\n<p>&nbsp;<\/p>\n","protected":false},"excerpt":{"rendered":"<p>El Instituto de Investigaciones en Historia Regional y Argentina \u00abProf. H\u00e9ctor Arias\u00bb de la Facultad de Filosof\u00eda, Humanidades y Artes<\/p>\n","protected":false},"author":3,"featured_media":65160,"comment_status":"closed","ping_status":"closed","sticky":false,"template":"","format":"standard","meta":{"_acf_changed":false,"_seopress_robots_primary_cat":"none","_seopress_titles_title":"","_seopress_titles_desc":"","_seopress_robots_index":"","colormag_page_container_layout":"default_layout","colormag_page_sidebar_layout":"default_layout","footnotes":""},"categories":[15,7],"tags":[],"class_list":["post-65146","post","type-post","status-publish","format-standard","has-post-thumbnail","hentry","category-posgrados","category-videos"],"acf":[],"_links":{"self":[{"href":"https:\/\/vocesparalelas.com.ar\/sitio\/wp-json\/wp\/v2\/posts\/65146","targetHints":{"allow":["GET"]}}],"collection":[{"href":"https:\/\/vocesparalelas.com.ar\/sitio\/wp-json\/wp\/v2\/posts"}],"about":[{"href":"https:\/\/vocesparalelas.com.ar\/sitio\/wp-json\/wp\/v2\/types\/post"}],"author":[{"embeddable":true,"href":"https:\/\/vocesparalelas.com.ar\/sitio\/wp-json\/wp\/v2\/users\/3"}],"replies":[{"embeddable":true,"href":"https:\/\/vocesparalelas.com.ar\/sitio\/wp-json\/wp\/v2\/comments?post=65146"}],"version-history":[{"count":1,"href":"https:\/\/vocesparalelas.com.ar\/sitio\/wp-json\/wp\/v2\/posts\/65146\/revisions"}],"predecessor-version":[{"id":65163,"href":"https:\/\/vocesparalelas.com.ar\/sitio\/wp-json\/wp\/v2\/posts\/65146\/revisions\/65163"}],"wp:featuredmedia":[{"embeddable":true,"href":"https:\/\/vocesparalelas.com.ar\/sitio\/wp-json\/wp\/v2\/media\/65160"}],"wp:attachment":[{"href":"https:\/\/vocesparalelas.com.ar\/sitio\/wp-json\/wp\/v2\/media?parent=65146"}],"wp:term":[{"taxonomy":"category","embeddable":true,"href":"https:\/\/vocesparalelas.com.ar\/sitio\/wp-json\/wp\/v2\/categories?post=65146"},{"taxonomy":"post_tag","embeddable":true,"href":"https:\/\/vocesparalelas.com.ar\/sitio\/wp-json\/wp\/v2\/tags?post=65146"}],"curies":[{"name":"wp","href":"https:\/\/api.w.org\/{rel}","templated":true}]}}