{"id":65141,"date":"2023-10-30T19:57:22","date_gmt":"2023-10-30T22:57:22","guid":{"rendered":"https:\/\/vocesparalelas.com.ar\/sitio\/?p=65141"},"modified":"2023-10-30T23:57:33","modified_gmt":"2023-10-31T02:57:33","slug":"sesiono-la-comision-de-dialogo-politico-en-san-juan","status":"publish","type":"post","link":"https:\/\/vocesparalelas.com.ar\/sitio\/sesiono-la-comision-de-dialogo-politico-en-san-juan\/","title":{"rendered":"Sesion\u00f3 la Comisi\u00f3n de Di\u00e1logo Pol\u00edtico en San Juan"},"content":{"rendered":"<div class=\"itemFullText jbintrotext\">\n<p>Representantes de la C\u00e1mara de Diputados de San Juan y del Consejo Regional de Coquimbo llevaron a cabo, de forma presencial, una sesi\u00f3n ordinaria para seguir trabajando en pos de fortalecer lazos binacionales. Esta reuni\u00f3n es parte de la visita que realizan a la provincia para participar en los actos conmemorativos de los 40 a\u00f1os de Democracia en Argentina.<\/p>\n<\/div>\n<div class=\"itemFullText\">\n<p>La reuni\u00f3n fue cumplida en la sala de reuniones del segundo piso del edificio Anexo de la Legislatura y en la ocasi\u00f3n estuvieron presentes el presidente de la comisi\u00f3n de Di\u00e1logo Pol\u00edtico, diputado Juan Carlos Abarca; el vicepresidente de la comisi\u00f3n de Dialogo Pol\u00edtico y consejero regional de Coquimbo, Wladimir Pleticosic Orellana; las legisladoras Marcela Monti y Fernanda Paredes. Los Consejeros Regionales de Coquimbo (CORE) estuvieron representados por Ximena Ampuero, Tatiana Cort\u00e9s y Javier Vega Ortiz.<\/p>\n<p>Durante la reuni\u00f3n, se discutieron temas relacionados con la integraci\u00f3n regional. En este contexto, la consejera regional por la provincia de Elqui, Ximena Ampuero, extendi\u00f3 una invitaci\u00f3n a las diputadas presentes para participar en actividades que se llevar\u00e1n a cabo en la Regi\u00f3n de Coquimbo los d\u00edas 23 y 24 de noviembre de 2023. Estas actividades, realizadas en colaboraci\u00f3n entre la Universidad Nacional de San Juan y la Universidad de La Serena, se centran en protocolos de actuaci\u00f3n ante situaciones de discriminaci\u00f3n, violencia de g\u00e9nero y contra las mujeres, promoviendo la igualdad de g\u00e9nero y la diversidad.<\/p>\n<p>En ese sentido, Ampuero sostuvo que \u201c mientras mas mujeres nos puedan acompa\u00f1ar para nosotras es sumamente importante ya que las mujeres de Argentina tienen una visi\u00f3n distinta a la de nuestro pa\u00eds porque tienen un sistema federal que nos sirve porque vamos camino a la descentralizaci\u00f3n en Chile\u201d.<\/p>\n<p>Por su parte, el diputado Abarca recalc\u00f3 la importancia de la Ley de Paridad de Genero en nuestra provincia y la lucha de las legisladoras sanjuaninas en esa l\u00ednea a lo largo de la historia.<\/p>\n<p>Asimismo, el titular de la Comisi\u00f3n de Dialogo Pol\u00edtico manifest\u00f3 la necesidad de ampliar la cantidad de representantes chilenos y argentinos que participen de este espacio de integraci\u00f3n binacional, un objetivo en el que todos estuvieron de acuerdo.<\/p>\n<p>Por otro lado, el vicepresidente de la Comisi\u00f3n de Dialogo Pol\u00edtico, Consejero Wladimir Pleticosic inform\u00f3 sobre la visita y conferencia que el secretario de Ambiente y Desarrollo Sustentable del Gobierno de San Juan, Francisco Guevara realizar\u00e1 en la Regi\u00f3n de Coquimbo en noviembre de 2023.<\/p>\n<p>Wladimir Pleticosic manifest\u00f3 que la Regi\u00f3n de Coquimbo \u201ctiene un problema latente respecto a la tem\u00e1tica de residuos y tenemos la necesidad de conocer la experiencia de la provincia de San Juan para tomar como modelo, por eso gestionamos con el Gobernador Sergio U\u00f1ac la visita del secretario de Ambiente para hacernos cargo de esta problem\u00e1tica que afecta a nuestro territorio regional\u201d.<\/p>\n<p>Finalmente, se dio la bienvenida al Consejero Regional por la provincia de Choapa, Darwin Ibacache, quien se integrar\u00e1 a una subcomisi\u00f3n que se definir\u00e1 pr\u00f3ximamente. Adem\u00e1s, se acord\u00f3 celebrar la pr\u00f3xima reuni\u00f3n en el mes de diciembre y se firm\u00f3 el acta anterior correspondiente a septiembre de 2023. Esta cooperaci\u00f3n binacional contin\u00faa fortaleciendo los lazos entre ambas regiones y promoviendo la integraci\u00f3n y el entendimiento mutuo.<\/p>\n<\/div>\n<figure id=\"attachment_37951\" aria-describedby=\"caption-attachment-37951\" style=\"width: 800px\" class=\"wp-caption alignnone\"><img loading=\"lazy\" decoding=\"async\" class=\"size-full wp-image-37951\" src=\"https:\/\/vocesparalelas.com.ar\/sitio\/wp-content\/uploads\/2021\/05\/CAMARA-EDIFICIO.jpg\" alt=\"\" width=\"800\" height=\"515\" srcset=\"https:\/\/vocesparalelas.com.ar\/sitio\/wp-content\/uploads\/2021\/05\/CAMARA-EDIFICIO.jpg 800w, https:\/\/vocesparalelas.com.ar\/sitio\/wp-content\/uploads\/2021\/05\/CAMARA-EDIFICIO-300x193.jpg 300w, https:\/\/vocesparalelas.com.ar\/sitio\/wp-content\/uploads\/2021\/05\/CAMARA-EDIFICIO-768x494.jpg 768w\" sizes=\"auto, (max-width: 800px) 100vw, 800px\" \/><figcaption id=\"caption-attachment-37951\" class=\"wp-caption-text\">Legislatura Provincial de San Juan, Rep\u00fablica Argentina<\/figcaption><\/figure>\n","protected":false},"excerpt":{"rendered":"<p>Representantes de la C\u00e1mara de Diputados de San Juan y del Consejo Regional de Coquimbo llevaron a cabo, de forma<\/p>\n","protected":false},"author":3,"featured_media":65144,"comment_status":"closed","ping_status":"closed","sticky":false,"template":"","format":"standard","meta":{"_acf_changed":false,"_seopress_robots_primary_cat":"none","_seopress_titles_title":"","_seopress_titles_desc":"","_seopress_robots_index":"","colormag_page_container_layout":"default_layout","colormag_page_sidebar_layout":"default_layout","footnotes":""},"categories":[1],"tags":[],"class_list":["post-65141","post","type-post","status-publish","format-standard","has-post-thumbnail","hentry","category-destacadas"],"acf":[],"_links":{"self":[{"href":"https:\/\/vocesparalelas.com.ar\/sitio\/wp-json\/wp\/v2\/posts\/65141","targetHints":{"allow":["GET"]}}],"collection":[{"href":"https:\/\/vocesparalelas.com.ar\/sitio\/wp-json\/wp\/v2\/posts"}],"about":[{"href":"https:\/\/vocesparalelas.com.ar\/sitio\/wp-json\/wp\/v2\/types\/post"}],"author":[{"embeddable":true,"href":"https:\/\/vocesparalelas.com.ar\/sitio\/wp-json\/wp\/v2\/users\/3"}],"replies":[{"embeddable":true,"href":"https:\/\/vocesparalelas.com.ar\/sitio\/wp-json\/wp\/v2\/comments?post=65141"}],"version-history":[{"count":1,"href":"https:\/\/vocesparalelas.com.ar\/sitio\/wp-json\/wp\/v2\/posts\/65141\/revisions"}],"predecessor-version":[{"id":65145,"href":"https:\/\/vocesparalelas.com.ar\/sitio\/wp-json\/wp\/v2\/posts\/65141\/revisions\/65145"}],"wp:featuredmedia":[{"embeddable":true,"href":"https:\/\/vocesparalelas.com.ar\/sitio\/wp-json\/wp\/v2\/media\/65144"}],"wp:attachment":[{"href":"https:\/\/vocesparalelas.com.ar\/sitio\/wp-json\/wp\/v2\/media?parent=65141"}],"wp:term":[{"taxonomy":"category","embeddable":true,"href":"https:\/\/vocesparalelas.com.ar\/sitio\/wp-json\/wp\/v2\/categories?post=65141"},{"taxonomy":"post_tag","embeddable":true,"href":"https:\/\/vocesparalelas.com.ar\/sitio\/wp-json\/wp\/v2\/tags?post=65141"}],"curies":[{"name":"wp","href":"https:\/\/api.w.org\/{rel}","templated":true}]}}