{"id":65136,"date":"2023-10-30T18:53:44","date_gmt":"2023-10-30T21:53:44","guid":{"rendered":"https:\/\/vocesparalelas.com.ar\/sitio\/?p=65136"},"modified":"2023-10-30T23:53:55","modified_gmt":"2023-10-31T02:53:55","slug":"panel-la-democracia-y-las-mujeres-en-la-camara-de-diputados-de-san-juan","status":"publish","type":"post","link":"https:\/\/vocesparalelas.com.ar\/sitio\/panel-la-democracia-y-las-mujeres-en-la-camara-de-diputados-de-san-juan\/","title":{"rendered":"Panel \u201cLa democracia y las mujeres\u201d en la C\u00e1mara de Diputados de San Juan"},"content":{"rendered":"<div class=\"itemFullText jbintrotext\">\n<p>El vicegobernador y presidente nato de la C\u00e1mara de Diputados de San Juan, CPN Roberto Gattoni, particip\u00f3 del panel \u201cLa democracia y las mujeres\u201d, realizado como una forma de tributar un homenaje a la conmemoraci\u00f3n de los 40 a\u00f1os de democracia ininterrumpida en nuestro pa\u00eds.<\/p>\n<\/div>\n<div class=\"itemFullText\">\n<p>El encuentro fue cumplido en la sala Emar Acosta del edificio Anexo de la Legislatura provincial y fue propicio para que del panel participaran la actual senadora nacional y diputada provincial mandato cumplido, Cristina L\u00f3pez; la diputada provincial mandato cumplido, N\u00e9lida Parra y las diputadas provinciales Fernanda Paredes y Nancy Pic\u00f3n.<\/p>\n<p>Cabe se\u00f1alar que adem\u00e1s estuvieron presentes las diputadas provinciales con mandato cumplido Mariela Ginestar, Stella Villagra y Clarisa Botto.<\/p>\n<p>Tambi\u00e9n asistieron al acto las diputadas Dra. Celina Ramella, Dra. Marcela Monti, Lic. Mariela Limerutti y los legisladores Mario Romero, Jos\u00e9 Luis Esteve, Gast\u00f3n Berenguer, Horacio Quiroga; los secretarios Legislativo, Dr. Nicol\u00e1s Alvo y Administrativo, Lic. Roberto Iglesias.<\/p>\n<p>Asimismo participaron Consejeros Regionales (CORE) de Coquimbo, Rep\u00fablica de Chile como Javier Vera, Vladimir Pleticosic, Ximena Ampuero, Tatiana Cortez y adem\u00e1s Enrique Valdebenito y el c\u00f3nsul honorario de Chile en San Juan, Mario Schiavone.<\/p>\n<p>Tras la exhibici\u00f3n de un video, comenz\u00f3 sus palabras la diputada mandato cumplido y dirigente social N\u00e9lida Parra quien destac\u00f3 su actuaci\u00f3n al frente del Sindicato de Amas de Casa y puso de manifiesto que lo realiz\u00f3 con \u201ccompromiso, con convicci\u00f3n y con amor\u201d.<\/p>\n<p>Mientras que la senadora nacional y diputada provincial mandato cumplido, Cristina L\u00f3pez indic\u00f3 que su actuaci\u00f3n est\u00e1 relacionada con la democracia como construcci\u00f3n colectiva y desde su rol de mujer propone que se destine un porcentaje para capacitar a las mujeres en tem\u00e1ticas como liderazgo, al tiempo que coment\u00f3 que a partir del 10 de diciembre la Argentina tendr\u00e1 doce mujeres vicegobernadoras.<\/p>\n<p>Por su parte, la diputada provincial Dra. Nancy Pic\u00f3n hizo alusi\u00f3n al denominado techo de cristal aplicado a las mujeres, que es la velada limitaci\u00f3n del ascenso laboral de las personas dentro de las organizaciones, que limita sus carreras profesionales, dif\u00edcil de traspasar y que les impide seguir avanzando e\u00a0 inst\u00f3 a luchar por revertir esta situaci\u00f3n.<\/p>\n<p>La diputada Dra. Fernanda Paredes manifest\u00f3 que las mujeres representan la mitad de la poblaci\u00f3n y a la vez puntualiz\u00f3 su preocupaci\u00f3n por las mujeres rurales, ind\u00edgenas y en situaci\u00f3n de pobreza y expres\u00f3 que una de las deudas al celebrar 40 a\u00f1os de democracia ininterrumpida es la erradicaci\u00f3n de la pobreza.<\/p>\n<p>Asever\u00f3 su satisfacci\u00f3n de poder desempe\u00f1ar su rol de legisladora en un per\u00edodo seg\u00fan consign\u00f3 que fue de absoluta libertad y exterioriz\u00f3 su satisfacci\u00f3n de haber conseguido lograr junto a sus colegas Celina Ramella y Marcela Monti, la Ley de Paridad de G\u00e9nero.<\/p>\n<p>Por \u00faltimo, se dirigi\u00f3 a los presentes el vicegobernador Gattoni para agradecer a todas las mujeres que lo acompa\u00f1aron en el panel, felicit\u00e1ndolas por sus puntos de vista y las miradas que presentaron.<\/p>\n<p>Manifest\u00f3 su orgullo de haber transitado los 30 a\u00f1os de democracia ininterrumpida mientras desempe\u00f1aba funciones de secretario Administrativo en la C\u00e1mara de Diputados y destac\u00f3 que en ocasi\u00f3n de celebrarse los 200 a\u00f1os de la Legislatura en 2021 estuvo presente, al igual que en esta conmemoraci\u00f3n de los 40 a\u00f1os de democracia y declar\u00f3 finalmente que desde la C\u00e1mara buscaron siempre poner en valor el rol de la mujer.<\/p>\n<\/div>\n<figure id=\"attachment_37951\" aria-describedby=\"caption-attachment-37951\" style=\"width: 800px\" class=\"wp-caption alignnone\"><img loading=\"lazy\" decoding=\"async\" class=\"size-full wp-image-37951\" src=\"https:\/\/vocesparalelas.com.ar\/sitio\/wp-content\/uploads\/2021\/05\/CAMARA-EDIFICIO.jpg\" alt=\"\" width=\"800\" height=\"515\" srcset=\"https:\/\/vocesparalelas.com.ar\/sitio\/wp-content\/uploads\/2021\/05\/CAMARA-EDIFICIO.jpg 800w, https:\/\/vocesparalelas.com.ar\/sitio\/wp-content\/uploads\/2021\/05\/CAMARA-EDIFICIO-300x193.jpg 300w, https:\/\/vocesparalelas.com.ar\/sitio\/wp-content\/uploads\/2021\/05\/CAMARA-EDIFICIO-768x494.jpg 768w\" sizes=\"auto, (max-width: 800px) 100vw, 800px\" \/><figcaption id=\"caption-attachment-37951\" class=\"wp-caption-text\">Legislatura Provincial de San Juan, Rep\u00fablica Argentina<\/figcaption><\/figure>\n","protected":false},"excerpt":{"rendered":"<p>El vicegobernador y presidente nato de la C\u00e1mara de Diputados de San Juan, CPN Roberto Gattoni, particip\u00f3 del panel \u201cLa<\/p>\n","protected":false},"author":3,"featured_media":65139,"comment_status":"closed","ping_status":"closed","sticky":false,"template":"","format":"standard","meta":{"_acf_changed":false,"_seopress_robots_primary_cat":"none","_seopress_titles_title":"","_seopress_titles_desc":"","_seopress_robots_index":"","colormag_page_container_layout":"default_layout","colormag_page_sidebar_layout":"default_layout","footnotes":""},"categories":[1],"tags":[],"class_list":["post-65136","post","type-post","status-publish","format-standard","has-post-thumbnail","hentry","category-destacadas"],"acf":[],"_links":{"self":[{"href":"https:\/\/vocesparalelas.com.ar\/sitio\/wp-json\/wp\/v2\/posts\/65136","targetHints":{"allow":["GET"]}}],"collection":[{"href":"https:\/\/vocesparalelas.com.ar\/sitio\/wp-json\/wp\/v2\/posts"}],"about":[{"href":"https:\/\/vocesparalelas.com.ar\/sitio\/wp-json\/wp\/v2\/types\/post"}],"author":[{"embeddable":true,"href":"https:\/\/vocesparalelas.com.ar\/sitio\/wp-json\/wp\/v2\/users\/3"}],"replies":[{"embeddable":true,"href":"https:\/\/vocesparalelas.com.ar\/sitio\/wp-json\/wp\/v2\/comments?post=65136"}],"version-history":[{"count":1,"href":"https:\/\/vocesparalelas.com.ar\/sitio\/wp-json\/wp\/v2\/posts\/65136\/revisions"}],"predecessor-version":[{"id":65140,"href":"https:\/\/vocesparalelas.com.ar\/sitio\/wp-json\/wp\/v2\/posts\/65136\/revisions\/65140"}],"wp:featuredmedia":[{"embeddable":true,"href":"https:\/\/vocesparalelas.com.ar\/sitio\/wp-json\/wp\/v2\/media\/65139"}],"wp:attachment":[{"href":"https:\/\/vocesparalelas.com.ar\/sitio\/wp-json\/wp\/v2\/media?parent=65136"}],"wp:term":[{"taxonomy":"category","embeddable":true,"href":"https:\/\/vocesparalelas.com.ar\/sitio\/wp-json\/wp\/v2\/categories?post=65136"},{"taxonomy":"post_tag","embeddable":true,"href":"https:\/\/vocesparalelas.com.ar\/sitio\/wp-json\/wp\/v2\/tags?post=65136"}],"curies":[{"name":"wp","href":"https:\/\/api.w.org\/{rel}","templated":true}]}}