{"id":65130,"date":"2023-10-30T23:35:09","date_gmt":"2023-10-31T02:35:09","guid":{"rendered":"https:\/\/vocesparalelas.com.ar\/sitio\/?p=65130"},"modified":"2023-11-01T21:38:52","modified_gmt":"2023-11-02T00:38:52","slug":"40-aniversario-de-la-democracia-en-la-republica-argentina-en-san-juan","status":"publish","type":"post","link":"https:\/\/vocesparalelas.com.ar\/sitio\/40-aniversario-de-la-democracia-en-la-republica-argentina-en-san-juan\/","title":{"rendered":"40\u00b0 aniversario de la Democracia en la Rep\u00fablica Argentina en San Juan"},"content":{"rendered":"<p>En Casa de Gobierno de San Juan, se desarroll\u00f3 el acto del 40\u00b0 aniversario de Democracia en la Rep\u00fablica Argentina cuya mesa acad\u00e9mica se conform\u00f3 con el gobernador Dr. Sergio U\u00f1ac, el gobernador electo de San Juan, Dr. Marcelo Orrego; el vicegobernador CPN Roberto Gattoni; el ministro de la Corte de Justicia de San Juan, Dr. Marcelo Lima; el exgobernador Lic. Jorge Escobar; el Senador por San Juan, Roberto Basualdo, y el Presidente de la Uni\u00f3n C\u00edvica Radical San Juan, Eduardo Castro.<\/p>\n<p>Tras de 7 a\u00f1os de la tr\u00e1gica dictadura militar, el 30 de octubre de 1983 la Argentina retom\u00f3 las bases institucionales de un sistema pol\u00edtico basado en los principios constitucionales. En ese punto de la historia, el doctor Ra\u00fal Alfons\u00edn fue elegido como presidente de la Naci\u00f3n, asumiendo el cargo el 10 de diciembre del a\u00f1o citado.<\/p>\n<p>El comienzo de la nueva etapa se convirti\u00f3 en un hito hist\u00f3rico, que se conoce como el D\u00eda de la Restauraci\u00f3n de la Democracia, declarado por ley en conmemoraci\u00f3n de la fecha de recuperaci\u00f3n del Estado de Derecho y de la finalizaci\u00f3n de la \u00faltima dictadura c\u00edvico militar y con ella , de la violaci\u00f3n del sistema de derechos humanos.<\/p>\n<p>Durante la ceremonia, se evoc\u00f3 la recuperaci\u00f3n de los derechos sociales y pol\u00edticos por parte del pueblo argentino, la forma de vida democr\u00e1tica, la representaci\u00f3n de la voluntad popular, la libertad de expresi\u00f3n, de participaci\u00f3n y la eliminaci\u00f3n de la censura.<\/p>\n<p>Entre avances y retrocesos, el pa\u00eds tuvo una mejora sustancial en los derechos pol\u00edticos, civiles y sociales de las personas.<\/p>\n<p>Con 213 a\u00f1os de su inicio pol\u00edtico (Revoluci\u00f3n del 25 Mayo, 1810) y a tan solo 207 de la consolidaci\u00f3n de su independencia (Tucum\u00e1n, 9 de Julio de 1816) la naci\u00f3n ha llevado sobre sus hombros el compromiso por el bien com\u00fan y la igualdad entre los pueblos.<\/p>\n<p>En el comienzo del acto, se entonaron las estrofas del Himno Nacional Argentino; posteriormente, el presb\u00edtero Jonatan F\u00e9lix brind\u00f3 una bendici\u00f3n a los presentes.<\/p>\n<p><iframe loading=\"lazy\" title=\"DEMOCRACIA SAN JUAN SACERDOTE\" width=\"800\" height=\"450\" src=\"https:\/\/www.youtube.com\/embed\/rLovEo7kNZ8?feature=oembed\" frameborder=\"0\" allow=\"accelerometer; autoplay; clipboard-write; encrypted-media; gyroscope; picture-in-picture; web-share\" allowfullscreen><\/iframe><\/p>\n<p>Posteriormente, comenzaron los discursos por parte del Presidente de la Uni\u00f3n C\u00edvica Radical San Juan, Eduardo Castro, el exgobernador Lic. Jorge Escobar, el vicegobernador CPN Roberto Gattoni, el gobernador electo de San Juan, Dr. Marcelo Orrego y el gobernador Dr. Sergio U\u00f1ac.<\/p>\n<p>El vicegobernador CPN Roberto Gattoni destac\u00f3 dos reflexiones que se deben valorar en estos 40 a\u00f1os de Democracia.<\/p>\n<p><iframe loading=\"lazy\" title=\"DEMOCRACIA SAN JUAN CPN ROBERTO GATTONI\" width=\"800\" height=\"450\" src=\"https:\/\/www.youtube.com\/embed\/WPac2umk-Uk?feature=oembed\" frameborder=\"0\" allow=\"accelerometer; autoplay; clipboard-write; encrypted-media; gyroscope; picture-in-picture; web-share\" allowfullscreen><\/iframe><\/p>\n<p>&nbsp;<\/p>\n<p>Posteriormente, el gobernador electo de San Juan, Dr. Marcelo Orrego, quien la participaci\u00f3n y es lo que se debe fortalecer la Democracia.<\/p>\n<p><iframe loading=\"lazy\" title=\"DEMOCRACIA SAN JUAN DR MARCELO ORREGO\" width=\"800\" height=\"450\" src=\"https:\/\/www.youtube.com\/embed\/WJZzGcgn46s?feature=oembed\" frameborder=\"0\" allow=\"accelerometer; autoplay; clipboard-write; encrypted-media; gyroscope; picture-in-picture; web-share\" allowfullscreen><\/iframe><\/p>\n<p>Para finalizar el acto el Gobernador de San Juan, Dr. Sergio U\u00f1ac remarc\u00f3 es un d\u00eda tan importante para el pa\u00eds, para San Juan, para la democracia en s\u00ed misma. Conmemoramos, celebramos y nos comprometernos con el presente y el futuro, sin desconocer la historia. Y con Marcelo Orrego podemos pensar en algunos temas de la misma manera, en otros no, pero tenemos un objetivo com\u00fan, que es que San Juan siga creciendo.<\/p>\n<p>&nbsp;<\/p>\n<p><iframe loading=\"lazy\" title=\"DEMOCRACIA SAN JUAN DR SERGIO U\u00d1AC\" width=\"800\" height=\"450\" src=\"https:\/\/www.youtube.com\/embed\/JEBYV5eKoaE?feature=oembed\" frameborder=\"0\" allow=\"accelerometer; autoplay; clipboard-write; encrypted-media; gyroscope; picture-in-picture; web-share\" allowfullscreen><\/iframe><\/p>\n<p>&nbsp;<\/p>\n<p>En este contexto, cabe destacar que el pa\u00eds ha brindado abrigo a los pueblos del mundo que lo eligieron como esperanza de transformaci\u00f3n y ha madurado de forma federal con inclusi\u00f3n y en hermandad.<\/p>\n<p><iframe loading=\"lazy\" title=\"U\u00f1ac presidi\u00f3 el acto de conmemoraci\u00f3n del 40\u00b0 aniversario de democracia ininterrumpida en Argentina\" width=\"800\" height=\"450\" src=\"https:\/\/www.youtube.com\/embed\/KYsmDV6J2Bk?feature=oembed\" frameborder=\"0\" allow=\"accelerometer; autoplay; clipboard-write; encrypted-media; gyroscope; picture-in-picture; web-share\" allowfullscreen><\/iframe><\/p>\n<p>&nbsp;<\/p>\n<p>&nbsp;<\/p>\n<p><img loading=\"lazy\" decoding=\"async\" class=\"alignnone size-full wp-image-65134\" src=\"https:\/\/vocesparalelas.com.ar\/sitio\/wp-content\/uploads\/2023\/10\/DEMOCRACIA-SAN-JUAN-02.jpg\" alt=\"\" width=\"800\" height=\"600\" srcset=\"https:\/\/vocesparalelas.com.ar\/sitio\/wp-content\/uploads\/2023\/10\/DEMOCRACIA-SAN-JUAN-02.jpg 800w, https:\/\/vocesparalelas.com.ar\/sitio\/wp-content\/uploads\/2023\/10\/DEMOCRACIA-SAN-JUAN-02-300x225.jpg 300w, https:\/\/vocesparalelas.com.ar\/sitio\/wp-content\/uploads\/2023\/10\/DEMOCRACIA-SAN-JUAN-02-768x576.jpg 768w\" sizes=\"auto, (max-width: 800px) 100vw, 800px\" \/><\/p>\n","protected":false},"excerpt":{"rendered":"<p>En Casa de Gobierno de San Juan, se desarroll\u00f3 el acto del 40\u00b0 aniversario de Democracia en la Rep\u00fablica Argentina<\/p>\n","protected":false},"author":3,"featured_media":65133,"comment_status":"closed","ping_status":"closed","sticky":false,"template":"","format":"standard","meta":{"_acf_changed":false,"_seopress_robots_primary_cat":"none","_seopress_titles_title":"","_seopress_titles_desc":"","_seopress_robots_index":"","colormag_page_container_layout":"default_layout","colormag_page_sidebar_layout":"default_layout","footnotes":""},"categories":[10,7],"tags":[],"class_list":["post-65130","post","type-post","status-publish","format-standard","has-post-thumbnail","hentry","category-opiniones","category-videos"],"acf":[],"_links":{"self":[{"href":"https:\/\/vocesparalelas.com.ar\/sitio\/wp-json\/wp\/v2\/posts\/65130","targetHints":{"allow":["GET"]}}],"collection":[{"href":"https:\/\/vocesparalelas.com.ar\/sitio\/wp-json\/wp\/v2\/posts"}],"about":[{"href":"https:\/\/vocesparalelas.com.ar\/sitio\/wp-json\/wp\/v2\/types\/post"}],"author":[{"embeddable":true,"href":"https:\/\/vocesparalelas.com.ar\/sitio\/wp-json\/wp\/v2\/users\/3"}],"replies":[{"embeddable":true,"href":"https:\/\/vocesparalelas.com.ar\/sitio\/wp-json\/wp\/v2\/comments?post=65130"}],"version-history":[{"count":1,"href":"https:\/\/vocesparalelas.com.ar\/sitio\/wp-json\/wp\/v2\/posts\/65130\/revisions"}],"predecessor-version":[{"id":65135,"href":"https:\/\/vocesparalelas.com.ar\/sitio\/wp-json\/wp\/v2\/posts\/65130\/revisions\/65135"}],"wp:featuredmedia":[{"embeddable":true,"href":"https:\/\/vocesparalelas.com.ar\/sitio\/wp-json\/wp\/v2\/media\/65133"}],"wp:attachment":[{"href":"https:\/\/vocesparalelas.com.ar\/sitio\/wp-json\/wp\/v2\/media?parent=65130"}],"wp:term":[{"taxonomy":"category","embeddable":true,"href":"https:\/\/vocesparalelas.com.ar\/sitio\/wp-json\/wp\/v2\/categories?post=65130"},{"taxonomy":"post_tag","embeddable":true,"href":"https:\/\/vocesparalelas.com.ar\/sitio\/wp-json\/wp\/v2\/tags?post=65130"}],"curies":[{"name":"wp","href":"https:\/\/api.w.org\/{rel}","templated":true}]}}