{"id":65114,"date":"2023-10-30T09:26:49","date_gmt":"2023-10-30T12:26:49","guid":{"rendered":"https:\/\/vocesparalelas.com.ar\/sitio\/?p=65114"},"modified":"2023-10-31T21:43:12","modified_gmt":"2023-11-01T00:43:12","slug":"pago-de-haberes-octubre-2023-para-los-empleados-de-la-administracion-publica-de-san-juan","status":"publish","type":"post","link":"https:\/\/vocesparalelas.com.ar\/sitio\/pago-de-haberes-octubre-2023-para-los-empleados-de-la-administracion-publica-de-san-juan\/","title":{"rendered":"Pago de haberes \u00abOctubre 2023\u00bb para los Empleados de la Administraci\u00f3n P\u00fablica de San Juan"},"content":{"rendered":"<p>La Secretar\u00eda de Hacienda y Finanzas inform\u00f3 que los haberes correspondientes al mes de octubre para la Administraci\u00f3n P\u00fablica Provincial se encuentran acreditados el Mi\u00e9rcoles, 01 de Noviembre de 2023.<\/p>\n<p>Asimismo, para este mes y seg\u00fan lo acordado en la paritaria 2023, se aplica la cl\u00e1usula de actualizaci\u00f3n salarial, que implica el 12,7% de aumento sobre la base salarial del mes de septiembre.<\/p>\n<p>As\u00ed, los haberes correspondientes al mes de octubre alcanzan un incremento acumulado del 123,07% frente a una inflaci\u00f3n acumulada del 103.2%, cumpliendo con lo acordado con los sectores gremiales.<\/p>\n<p>&nbsp;<\/p>\n<p><img loading=\"lazy\" decoding=\"async\" class=\"alignnone size-large wp-image-25616\" src=\"https:\/\/vocesparalelas.com.ar\/sitio\/wp-content\/uploads\/2019\/12\/GOBIERNO-BANDERA-01-800x533.jpg\" alt=\"\" width=\"800\" height=\"533\" srcset=\"https:\/\/vocesparalelas.com.ar\/sitio\/wp-content\/uploads\/2019\/12\/GOBIERNO-BANDERA-01.jpg 800w, https:\/\/vocesparalelas.com.ar\/sitio\/wp-content\/uploads\/2019\/12\/GOBIERNO-BANDERA-01-300x200.jpg 300w, https:\/\/vocesparalelas.com.ar\/sitio\/wp-content\/uploads\/2019\/12\/GOBIERNO-BANDERA-01-768x512.jpg 768w\" sizes=\"auto, (max-width: 800px) 100vw, 800px\" \/><\/p>\n","protected":false},"excerpt":{"rendered":"<p>La Secretar\u00eda de Hacienda y Finanzas inform\u00f3 que los haberes correspondientes al mes de octubre para la Administraci\u00f3n P\u00fablica Provincial<\/p>\n","protected":false},"author":3,"featured_media":5039,"comment_status":"closed","ping_status":"closed","sticky":false,"template":"","format":"standard","meta":{"_acf_changed":false,"_seopress_robots_primary_cat":"none","_seopress_titles_title":"","_seopress_titles_desc":"","_seopress_robots_index":"","colormag_page_container_layout":"default_layout","colormag_page_sidebar_layout":"default_layout","footnotes":""},"categories":[6],"tags":[],"class_list":["post-65114","post","type-post","status-publish","format-standard","has-post-thumbnail","hentry","category-eventos"],"acf":[],"_links":{"self":[{"href":"https:\/\/vocesparalelas.com.ar\/sitio\/wp-json\/wp\/v2\/posts\/65114","targetHints":{"allow":["GET"]}}],"collection":[{"href":"https:\/\/vocesparalelas.com.ar\/sitio\/wp-json\/wp\/v2\/posts"}],"about":[{"href":"https:\/\/vocesparalelas.com.ar\/sitio\/wp-json\/wp\/v2\/types\/post"}],"author":[{"embeddable":true,"href":"https:\/\/vocesparalelas.com.ar\/sitio\/wp-json\/wp\/v2\/users\/3"}],"replies":[{"embeddable":true,"href":"https:\/\/vocesparalelas.com.ar\/sitio\/wp-json\/wp\/v2\/comments?post=65114"}],"version-history":[{"count":1,"href":"https:\/\/vocesparalelas.com.ar\/sitio\/wp-json\/wp\/v2\/posts\/65114\/revisions"}],"predecessor-version":[{"id":65117,"href":"https:\/\/vocesparalelas.com.ar\/sitio\/wp-json\/wp\/v2\/posts\/65114\/revisions\/65117"}],"wp:featuredmedia":[{"embeddable":true,"href":"https:\/\/vocesparalelas.com.ar\/sitio\/wp-json\/wp\/v2\/media\/5039"}],"wp:attachment":[{"href":"https:\/\/vocesparalelas.com.ar\/sitio\/wp-json\/wp\/v2\/media?parent=65114"}],"wp:term":[{"taxonomy":"category","embeddable":true,"href":"https:\/\/vocesparalelas.com.ar\/sitio\/wp-json\/wp\/v2\/categories?post=65114"},{"taxonomy":"post_tag","embeddable":true,"href":"https:\/\/vocesparalelas.com.ar\/sitio\/wp-json\/wp\/v2\/tags?post=65114"}],"curies":[{"name":"wp","href":"https:\/\/api.w.org\/{rel}","templated":true}]}}