{"id":65103,"date":"2023-10-30T21:13:12","date_gmt":"2023-10-31T00:13:12","guid":{"rendered":"https:\/\/vocesparalelas.com.ar\/sitio\/?p=65103"},"modified":"2023-10-31T21:42:43","modified_gmt":"2023-11-01T00:42:43","slug":"sumate-al-concierto-a-beneficio-hacia-la-presentacion-en-el-centro-cultural-de-barreal","status":"publish","type":"post","link":"https:\/\/vocesparalelas.com.ar\/sitio\/sumate-al-concierto-a-beneficio-hacia-la-presentacion-en-el-centro-cultural-de-barreal\/","title":{"rendered":"Sumate al Concierto a beneficio hacia la presentaci\u00f3n en el Centro Cultural de Barreal"},"content":{"rendered":"<p>Las Profesoras de la Escuela de M\u00fasica del Departamento de M\u00fasica de la Facultad de Filosof\u00eda, Humanidades y Artes de la Universidad Nacional de San Juan a trav\u00e9s del desarrollo de un proyecto organizaron como una actividad de est\u00edmulo para los alumnos organizaron la\u00a0Orquesta Sinf\u00f3nica Prejuvenil y la\u00a0Orquesta Juvenil de Guitarras.<\/p>\n<p>Es as\u00ed que tienen planificado un viaje a la Localidad de Barreal, Departamento Calingasta, con las dos orquestas y por ello, vienen trabajando para juntar dinero para pagar costos y ayudar a estos m\u00fasicos que est\u00e1n muy entusiasmados para hacer sus presentaciones.<\/p>\n<p>Es as\u00ed que el Martes, 31 de Octubre, a las 20:30 hs.; en el Auditorio Ing. Juan Victoria van a brindar un Concierto a beneficio para el viaje a Barreal.<\/p>\n<p>Por ello, Voces Paralelas desarroll\u00f3 una entrevista period\u00edstica a la Prof. Ana Salas, quien describi\u00f3 la repercusi\u00f3n del proyecto ya que los integrantes de ambas orquestas est\u00e1n muy estimulados para demostrar al p\u00fablico sus avances musicales.<\/p>\n<p><iframe loading=\"lazy\" title=\"FFHA UNSJ PROF ANA SALAS\" width=\"800\" height=\"450\" src=\"https:\/\/www.youtube.com\/embed\/xI0zUhFVEHs?feature=oembed\" frameborder=\"0\" allow=\"accelerometer; autoplay; clipboard-write; encrypted-media; gyroscope; picture-in-picture; web-share\" allowfullscreen><\/iframe><\/p>\n<p>&nbsp;<\/p>\n<p>Orquesta Prejuvenil de la Escuela de M\u00fasica de la FFHA de la UNSJ<\/p>\n<p><img loading=\"lazy\" decoding=\"async\" class=\"alignnone size-full wp-image-65108\" src=\"https:\/\/vocesparalelas.com.ar\/sitio\/wp-content\/uploads\/2023\/10\/FFHA-GUITARRA.jpg\" alt=\"\" width=\"800\" height=\"600\" srcset=\"https:\/\/vocesparalelas.com.ar\/sitio\/wp-content\/uploads\/2023\/10\/FFHA-GUITARRA.jpg 800w, https:\/\/vocesparalelas.com.ar\/sitio\/wp-content\/uploads\/2023\/10\/FFHA-GUITARRA-300x225.jpg 300w, https:\/\/vocesparalelas.com.ar\/sitio\/wp-content\/uploads\/2023\/10\/FFHA-GUITARRA-768x576.jpg 768w\" sizes=\"auto, (max-width: 800px) 100vw, 800px\" \/><\/p>\n<p>&nbsp;<\/p>\n<p><img loading=\"lazy\" decoding=\"async\" class=\"alignnone size-full wp-image-65111\" src=\"https:\/\/vocesparalelas.com.ar\/sitio\/wp-content\/uploads\/2023\/10\/FFHA-GUITARRA-01.jpg\" alt=\"\" width=\"800\" height=\"600\" srcset=\"https:\/\/vocesparalelas.com.ar\/sitio\/wp-content\/uploads\/2023\/10\/FFHA-GUITARRA-01.jpg 800w, https:\/\/vocesparalelas.com.ar\/sitio\/wp-content\/uploads\/2023\/10\/FFHA-GUITARRA-01-300x225.jpg 300w, https:\/\/vocesparalelas.com.ar\/sitio\/wp-content\/uploads\/2023\/10\/FFHA-GUITARRA-01-768x576.jpg 768w\" sizes=\"auto, (max-width: 800px) 100vw, 800px\" \/><\/p>\n<p>&nbsp;<\/p>\n<p><img loading=\"lazy\" decoding=\"async\" class=\"alignnone size-large wp-image-65112\" src=\"https:\/\/vocesparalelas.com.ar\/sitio\/wp-content\/uploads\/2023\/10\/FFHA-GUITARRA-02.jpg\" alt=\"\" width=\"800\" height=\"600\" srcset=\"https:\/\/vocesparalelas.com.ar\/sitio\/wp-content\/uploads\/2023\/10\/FFHA-GUITARRA-02.jpg 800w, https:\/\/vocesparalelas.com.ar\/sitio\/wp-content\/uploads\/2023\/10\/FFHA-GUITARRA-02-300x225.jpg 300w, https:\/\/vocesparalelas.com.ar\/sitio\/wp-content\/uploads\/2023\/10\/FFHA-GUITARRA-02-768x576.jpg 768w\" sizes=\"auto, (max-width: 800px) 100vw, 800px\" \/><\/p>\n<p>&nbsp;<\/p>\n<p><iframe loading=\"lazy\" title=\"FFHA UNSJ ESCUELA DE M\u00daSICA\" width=\"800\" height=\"600\" src=\"https:\/\/www.youtube.com\/embed\/oBTv_H5fqe8?feature=oembed\" frameborder=\"0\" allow=\"accelerometer; autoplay; clipboard-write; encrypted-media; gyroscope; picture-in-picture; web-share\" allowfullscreen><\/iframe><\/p>\n<p>&nbsp;<\/p>\n<p><img loading=\"lazy\" decoding=\"async\" class=\"alignnone size-large wp-image-15100\" src=\"https:\/\/vocesparalelas.com.ar\/sitio\/wp-content\/uploads\/2018\/09\/FFHA-ESCUELA-DE-MUSICA-02-800x600.jpg\" alt=\"\" width=\"800\" height=\"600\" srcset=\"https:\/\/vocesparalelas.com.ar\/sitio\/wp-content\/uploads\/2018\/09\/FFHA-ESCUELA-DE-MUSICA-02-800x600.jpg 800w, https:\/\/vocesparalelas.com.ar\/sitio\/wp-content\/uploads\/2018\/09\/FFHA-ESCUELA-DE-MUSICA-02-300x225.jpg 300w, https:\/\/vocesparalelas.com.ar\/sitio\/wp-content\/uploads\/2018\/09\/FFHA-ESCUELA-DE-MUSICA-02-768x576.jpg 768w, https:\/\/vocesparalelas.com.ar\/sitio\/wp-content\/uploads\/2018\/09\/FFHA-ESCUELA-DE-MUSICA-02.jpg 1000w\" sizes=\"auto, (max-width: 800px) 100vw, 800px\" \/><\/p>\n<p>&nbsp;<\/p>\n<p><img loading=\"lazy\" decoding=\"async\" class=\"alignnone size-full wp-image-60412\" src=\"https:\/\/vocesparalelas.com.ar\/sitio\/wp-content\/uploads\/2023\/06\/FFHA-EDIFICIO.jpg\" alt=\"\" width=\"800\" height=\"429\" srcset=\"https:\/\/vocesparalelas.com.ar\/sitio\/wp-content\/uploads\/2023\/06\/FFHA-EDIFICIO.jpg 800w, https:\/\/vocesparalelas.com.ar\/sitio\/wp-content\/uploads\/2023\/06\/FFHA-EDIFICIO-300x161.jpg 300w, https:\/\/vocesparalelas.com.ar\/sitio\/wp-content\/uploads\/2023\/06\/FFHA-EDIFICIO-768x412.jpg 768w\" sizes=\"auto, (max-width: 800px) 100vw, 800px\" \/><\/p>\n<p>&nbsp;<\/p>\n<p>&nbsp;<\/p>\n","protected":false},"excerpt":{"rendered":"<p>Las Profesoras de la Escuela de M\u00fasica del Departamento de M\u00fasica de la Facultad de Filosof\u00eda, Humanidades y Artes de<\/p>\n","protected":false},"author":3,"featured_media":65106,"comment_status":"closed","ping_status":"closed","sticky":false,"template":"","format":"standard","meta":{"_acf_changed":false,"_seopress_robots_primary_cat":"none","_seopress_titles_title":"","_seopress_titles_desc":"","_seopress_robots_index":"","colormag_page_container_layout":"default_layout","colormag_page_sidebar_layout":"default_layout","footnotes":""},"categories":[20,7],"tags":[],"class_list":["post-65103","post","type-post","status-publish","format-standard","has-post-thumbnail","hentry","category-cartelera","category-videos"],"acf":[],"_links":{"self":[{"href":"https:\/\/vocesparalelas.com.ar\/sitio\/wp-json\/wp\/v2\/posts\/65103","targetHints":{"allow":["GET"]}}],"collection":[{"href":"https:\/\/vocesparalelas.com.ar\/sitio\/wp-json\/wp\/v2\/posts"}],"about":[{"href":"https:\/\/vocesparalelas.com.ar\/sitio\/wp-json\/wp\/v2\/types\/post"}],"author":[{"embeddable":true,"href":"https:\/\/vocesparalelas.com.ar\/sitio\/wp-json\/wp\/v2\/users\/3"}],"replies":[{"embeddable":true,"href":"https:\/\/vocesparalelas.com.ar\/sitio\/wp-json\/wp\/v2\/comments?post=65103"}],"version-history":[{"count":4,"href":"https:\/\/vocesparalelas.com.ar\/sitio\/wp-json\/wp\/v2\/posts\/65103\/revisions"}],"predecessor-version":[{"id":65113,"href":"https:\/\/vocesparalelas.com.ar\/sitio\/wp-json\/wp\/v2\/posts\/65103\/revisions\/65113"}],"wp:featuredmedia":[{"embeddable":true,"href":"https:\/\/vocesparalelas.com.ar\/sitio\/wp-json\/wp\/v2\/media\/65106"}],"wp:attachment":[{"href":"https:\/\/vocesparalelas.com.ar\/sitio\/wp-json\/wp\/v2\/media?parent=65103"}],"wp:term":[{"taxonomy":"category","embeddable":true,"href":"https:\/\/vocesparalelas.com.ar\/sitio\/wp-json\/wp\/v2\/categories?post=65103"},{"taxonomy":"post_tag","embeddable":true,"href":"https:\/\/vocesparalelas.com.ar\/sitio\/wp-json\/wp\/v2\/tags?post=65103"}],"curies":[{"name":"wp","href":"https:\/\/api.w.org\/{rel}","templated":true}]}}