{"id":65091,"date":"2023-10-28T20:19:24","date_gmt":"2023-10-28T23:19:24","guid":{"rendered":"https:\/\/vocesparalelas.com.ar\/sitio\/?p=65091"},"modified":"2023-11-03T13:14:13","modified_gmt":"2023-11-03T16:14:13","slug":"83-aniversario-de-la-creacion-del-rim-22-de-san-juan-2","status":"publish","type":"post","link":"https:\/\/vocesparalelas.com.ar\/sitio\/83-aniversario-de-la-creacion-del-rim-22-de-san-juan-2\/","title":{"rendered":"83\u00b0 Aniversario de la creaci\u00f3n del RIM 22 de San Juan"},"content":{"rendered":"<p>En la Plaza de Armas del Regimiento de Infanter\u00eda de Monta\u00f1a 22 \u00abTenl. Juan Manuel Cabot\u00bb de San Juan, se realiz\u00f3 el acto para conmemorar el 83\u00b0 Aniversario de la creaci\u00f3n de la Unidad Militar, en la Localidad de Marquesado, Departamento Rivadavia.<\/p>\n<p><img loading=\"lazy\" decoding=\"async\" class=\"alignnone size-full wp-image-54801\" src=\"https:\/\/vocesparalelas.com.ar\/sitio\/wp-content\/uploads\/2022\/11\/RIM-22-LOGO.jpg\" alt=\"\" width=\"800\" height=\"600\" srcset=\"https:\/\/vocesparalelas.com.ar\/sitio\/wp-content\/uploads\/2022\/11\/RIM-22-LOGO.jpg 800w, https:\/\/vocesparalelas.com.ar\/sitio\/wp-content\/uploads\/2022\/11\/RIM-22-LOGO-300x225.jpg 300w, https:\/\/vocesparalelas.com.ar\/sitio\/wp-content\/uploads\/2022\/11\/RIM-22-LOGO-768x576.jpg 768w\" sizes=\"auto, (max-width: 800px) 100vw, 800px\" \/><\/p>\n<p>Una vez que los invitados se ubicaron, el acto comenz\u00f3 con la revista de tropas y saludo por parte del Vicegobernador, CPN Roberto Gattoni, el Comandante de la VIII Brigada de Monta\u00f1a, coronel mayor Ricardo Horacio Doz y el Jefe del RIM 22, coronel Mart\u00edn Guillermo Mendoza.<\/p>\n<p>Luego, se enton\u00f3 el Himno Nacional Argentino acompa\u00f1ado por la Banda de M\u00fasica \u00abTenl. Juan Manuel Cabot\u00bb.<\/p>\n<p><iframe loading=\"lazy\" title=\"RIM 22 HIMNO NACIONAL ARGENTINO\" width=\"800\" height=\"450\" src=\"https:\/\/www.youtube.com\/embed\/xHjwLojKEk8?feature=oembed\" frameborder=\"0\" allow=\"accelerometer; autoplay; clipboard-write; encrypted-media; gyroscope; picture-in-picture; web-share\" allowfullscreen><\/iframe><\/p>\n<p>Luego, el capell\u00e1n de la instituci\u00f3n, Adolfo Calivar pronunci\u00f3 una invocaci\u00f3n religiosa y bendijo los premios y reconocimientos que serian entregados mas adelante.<\/p>\n<p><img loading=\"lazy\" decoding=\"async\" class=\"alignnone size-full wp-image-65099\" src=\"https:\/\/vocesparalelas.com.ar\/sitio\/wp-content\/uploads\/2023\/10\/RIM-22-ANIVERSARIO-06.jpg\" alt=\"\" width=\"800\" height=\"533\" srcset=\"https:\/\/vocesparalelas.com.ar\/sitio\/wp-content\/uploads\/2023\/10\/RIM-22-ANIVERSARIO-06.jpg 800w, https:\/\/vocesparalelas.com.ar\/sitio\/wp-content\/uploads\/2023\/10\/RIM-22-ANIVERSARIO-06-300x200.jpg 300w, https:\/\/vocesparalelas.com.ar\/sitio\/wp-content\/uploads\/2023\/10\/RIM-22-ANIVERSARIO-06-768x512.jpg 768w\" sizes=\"auto, (max-width: 800px) 100vw, 800px\" \/><\/p>\n<p>&nbsp;<\/p>\n<p><iframe loading=\"lazy\" title=\"RIM 22 CAPELLAN CALIVAR\" width=\"800\" height=\"450\" src=\"https:\/\/www.youtube.com\/embed\/ulV15AA2Ou0?feature=oembed\" frameborder=\"0\" allow=\"accelerometer; autoplay; clipboard-write; encrypted-media; gyroscope; picture-in-picture; web-share\" allowfullscreen><\/iframe><\/p>\n<p>Posteriormente,\u00a0 se produjo un minuto de Silencio por la Banda de M\u00fasica \u00abTenl. Juan Manuel Cabot\u00bb y la voz del locutor nombr\u00f3 a cada uno del personal que falleci\u00f3 durante su actividad laboral en el RIM 22 .<\/p>\n<p><iframe loading=\"lazy\" title=\"RIM 22 UN MINUTO DE SILENCIO\" width=\"800\" height=\"450\" src=\"https:\/\/www.youtube.com\/embed\/pUneGL7tqAg?feature=oembed\" frameborder=\"0\" allow=\"accelerometer; autoplay; clipboard-write; encrypted-media; gyroscope; picture-in-picture; web-share\" allowfullscreen><\/iframe><\/p>\n<p>Seguidamente, el Jefe del RIM 22, coronel Mart\u00edn Guillermo Mendoza manifest\u00f3 que luego de tantos a\u00f1os de historia y al festejar 83 a\u00f1os, el a\u00f1o 2023 nos encuentra adiestr\u00e1ndonos en nuestra funci\u00f3n principal que es el de servir a la patria y defenderla.<\/p>\n<p><iframe loading=\"lazy\" title=\"RIM 22 CORONEL MART\u00cdN MENDOZA\" width=\"800\" height=\"450\" src=\"https:\/\/www.youtube.com\/embed\/P_hrgUpRH20?feature=oembed\" frameborder=\"0\" allow=\"accelerometer; autoplay; clipboard-write; encrypted-media; gyroscope; picture-in-picture; web-share\" allowfullscreen><\/iframe><\/p>\n<p>&nbsp;<\/p>\n<p>A continuaci\u00f3n, el Comandante de la VIII Brigada de Monta\u00f1a, Coronel Mayor Ricardo Horacio Doz subray\u00f3 que es un honor ser parte al RIM 22 y cumplir 82 a\u00f1os de vida.<\/p>\n<p><iframe loading=\"lazy\" title=\"RIM 22 CORONEL MAYOR RICARDO DOZ\" width=\"800\" height=\"450\" src=\"https:\/\/www.youtube.com\/embed\/CrtBNvz5WTQ?feature=oembed\" frameborder=\"0\" allow=\"accelerometer; autoplay; clipboard-write; encrypted-media; gyroscope; picture-in-picture; web-share\" allowfullscreen><\/iframe><\/p>\n<p>El jefe del RIM 22, Coronel Mart\u00edn Mendoza recibi\u00f3 placas recordatoria por el 83\u00b0 Aniversario de la creaci\u00f3n de la Unidad Militar.<\/p>\n<p>El Vicegobernador CPN Roberto Gattoni en nombre del pueblo y gobiernos de San Juan, del Ministro del Poder Judicial de San Juan, Dr. Marcelo Lima; del secretario de Seguridad y Orden P\u00fablica, Dr. Carlos Munizaga y por el presidente del consejo deliberante de Rivadavia, Dr. Juan de la Cruz C\u00f3rdoba entre otros.<\/p>\n<p><img loading=\"lazy\" decoding=\"async\" class=\"alignnone size-full wp-image-65100\" src=\"https:\/\/vocesparalelas.com.ar\/sitio\/wp-content\/uploads\/2023\/10\/RIM-22-ANIVERSARIO-07.jpg\" alt=\"\" width=\"800\" height=\"533\" srcset=\"https:\/\/vocesparalelas.com.ar\/sitio\/wp-content\/uploads\/2023\/10\/RIM-22-ANIVERSARIO-07.jpg 800w, https:\/\/vocesparalelas.com.ar\/sitio\/wp-content\/uploads\/2023\/10\/RIM-22-ANIVERSARIO-07-300x200.jpg 300w, https:\/\/vocesparalelas.com.ar\/sitio\/wp-content\/uploads\/2023\/10\/RIM-22-ANIVERSARIO-07-768x512.jpg 768w\" sizes=\"auto, (max-width: 800px) 100vw, 800px\" \/><\/p>\n<p>&nbsp;<\/p>\n<p><img loading=\"lazy\" decoding=\"async\" class=\"alignnone size-full wp-image-65094\" src=\"https:\/\/vocesparalelas.com.ar\/sitio\/wp-content\/uploads\/2023\/10\/RIM-22-ANIVERSARIO-01.jpg\" alt=\"\" width=\"800\" height=\"533\" srcset=\"https:\/\/vocesparalelas.com.ar\/sitio\/wp-content\/uploads\/2023\/10\/RIM-22-ANIVERSARIO-01.jpg 800w, https:\/\/vocesparalelas.com.ar\/sitio\/wp-content\/uploads\/2023\/10\/RIM-22-ANIVERSARIO-01-300x200.jpg 300w, https:\/\/vocesparalelas.com.ar\/sitio\/wp-content\/uploads\/2023\/10\/RIM-22-ANIVERSARIO-01-768x512.jpg 768w\" sizes=\"auto, (max-width: 800px) 100vw, 800px\" \/><\/p>\n<p>&nbsp;<\/p>\n<p><img loading=\"lazy\" decoding=\"async\" class=\"alignnone size-full wp-image-65097\" src=\"https:\/\/vocesparalelas.com.ar\/sitio\/wp-content\/uploads\/2023\/10\/RIM-22-ANIVERSARIO-04.jpg\" alt=\"\" width=\"800\" height=\"533\" srcset=\"https:\/\/vocesparalelas.com.ar\/sitio\/wp-content\/uploads\/2023\/10\/RIM-22-ANIVERSARIO-04.jpg 800w, https:\/\/vocesparalelas.com.ar\/sitio\/wp-content\/uploads\/2023\/10\/RIM-22-ANIVERSARIO-04-300x200.jpg 300w, https:\/\/vocesparalelas.com.ar\/sitio\/wp-content\/uploads\/2023\/10\/RIM-22-ANIVERSARIO-04-768x512.jpg 768w\" sizes=\"auto, (max-width: 800px) 100vw, 800px\" \/><\/p>\n<p>A continuaci\u00f3n los uniformados entonaron la canci\u00f3n del Ej\u00e9rcito Argentino para seguidamente desfilar hacia el espacio del desfile oficial liderada por la Banda de M\u00fasica \u00abTenl. Juan Manuel Cabot\u00bb y se escuch\u00f3 la Cancip\u00f3n de la Marcha Malvinas.<\/p>\n<p><iframe loading=\"lazy\" title=\"RIM 22 BANDA DE M\u00daSICA TTE JUAN MANUEL CABOT\" width=\"800\" height=\"450\" src=\"https:\/\/www.youtube.com\/embed\/n-qrmHRmUuo?feature=oembed\" frameborder=\"0\" allow=\"accelerometer; autoplay; clipboard-write; encrypted-media; gyroscope; picture-in-picture; web-share\" allowfullscreen><\/iframe><\/p>\n<p>Finaliz\u00f3 al acto con el desfile y la Canci\u00f3n del RIM 22<\/p>\n<p><iframe loading=\"lazy\" title=\"RIM 22 DESFILE Y CANCI\u00d3N\" width=\"800\" height=\"450\" src=\"https:\/\/www.youtube.com\/embed\/8os4zZM-ucE?feature=oembed\" frameborder=\"0\" allow=\"accelerometer; autoplay; clipboard-write; encrypted-media; gyroscope; picture-in-picture; web-share\" allowfullscreen><\/iframe><\/p>\n<p>&nbsp;<\/p>\n<p><img loading=\"lazy\" decoding=\"async\" class=\"alignnone size-full wp-image-49313\" src=\"https:\/\/vocesparalelas.com.ar\/sitio\/wp-content\/uploads\/2022\/05\/RIM-22-07.jpg\" alt=\"\" width=\"800\" height=\"533\" srcset=\"https:\/\/vocesparalelas.com.ar\/sitio\/wp-content\/uploads\/2022\/05\/RIM-22-07.jpg 800w, https:\/\/vocesparalelas.com.ar\/sitio\/wp-content\/uploads\/2022\/05\/RIM-22-07-300x200.jpg 300w, https:\/\/vocesparalelas.com.ar\/sitio\/wp-content\/uploads\/2022\/05\/RIM-22-07-768x512.jpg 768w\" sizes=\"auto, (max-width: 800px) 100vw, 800px\" \/><\/p>\n","protected":false},"excerpt":{"rendered":"<p>En la Plaza de Armas del Regimiento de Infanter\u00eda de Monta\u00f1a 22 \u00abTenl. Juan Manuel Cabot\u00bb de San Juan, se<\/p>\n","protected":false},"author":3,"featured_media":65095,"comment_status":"closed","ping_status":"closed","sticky":false,"template":"","format":"standard","meta":{"_acf_changed":false,"_seopress_robots_primary_cat":"none","_seopress_titles_title":"","_seopress_titles_desc":"","_seopress_robots_index":"","colormag_page_container_layout":"default_layout","colormag_page_sidebar_layout":"default_layout","footnotes":""},"categories":[10,7],"tags":[],"class_list":["post-65091","post","type-post","status-publish","format-standard","has-post-thumbnail","hentry","category-opiniones","category-videos"],"acf":[],"_links":{"self":[{"href":"https:\/\/vocesparalelas.com.ar\/sitio\/wp-json\/wp\/v2\/posts\/65091","targetHints":{"allow":["GET"]}}],"collection":[{"href":"https:\/\/vocesparalelas.com.ar\/sitio\/wp-json\/wp\/v2\/posts"}],"about":[{"href":"https:\/\/vocesparalelas.com.ar\/sitio\/wp-json\/wp\/v2\/types\/post"}],"author":[{"embeddable":true,"href":"https:\/\/vocesparalelas.com.ar\/sitio\/wp-json\/wp\/v2\/users\/3"}],"replies":[{"embeddable":true,"href":"https:\/\/vocesparalelas.com.ar\/sitio\/wp-json\/wp\/v2\/comments?post=65091"}],"version-history":[{"count":2,"href":"https:\/\/vocesparalelas.com.ar\/sitio\/wp-json\/wp\/v2\/posts\/65091\/revisions"}],"predecessor-version":[{"id":65102,"href":"https:\/\/vocesparalelas.com.ar\/sitio\/wp-json\/wp\/v2\/posts\/65091\/revisions\/65102"}],"wp:featuredmedia":[{"embeddable":true,"href":"https:\/\/vocesparalelas.com.ar\/sitio\/wp-json\/wp\/v2\/media\/65095"}],"wp:attachment":[{"href":"https:\/\/vocesparalelas.com.ar\/sitio\/wp-json\/wp\/v2\/media?parent=65091"}],"wp:term":[{"taxonomy":"category","embeddable":true,"href":"https:\/\/vocesparalelas.com.ar\/sitio\/wp-json\/wp\/v2\/categories?post=65091"},{"taxonomy":"post_tag","embeddable":true,"href":"https:\/\/vocesparalelas.com.ar\/sitio\/wp-json\/wp\/v2\/tags?post=65091"}],"curies":[{"name":"wp","href":"https:\/\/api.w.org\/{rel}","templated":true}]}}