{"id":65065,"date":"2023-10-27T19:25:28","date_gmt":"2023-10-27T22:25:28","guid":{"rendered":"https:\/\/vocesparalelas.com.ar\/sitio\/?p=65065"},"modified":"2023-10-30T22:49:20","modified_gmt":"2023-10-31T01:49:20","slug":"clinica-danza-clasica-desde-el-cuerpo-sensible-y-barra-a-terre-en-el-tb-de-san-juan","status":"publish","type":"post","link":"https:\/\/vocesparalelas.com.ar\/sitio\/clinica-danza-clasica-desde-el-cuerpo-sensible-y-barra-a-terre-en-el-tb-de-san-juan\/","title":{"rendered":"Cl\u00ednica \u00abDanza cl\u00e1sica desde el cuerpo sensible y barra a terre\u00bb en el TB de San Juan"},"content":{"rendered":"<p>El Teatro del Bicentenario, dependiente del Ministerio de Turismo y Cultura del Gobierno de San Juan, convoca a artistas esc\u00e9nicos a la cl\u00ednica que dicta la bailarina contempor\u00e1nea Victoria Viberti, \u00abDanza cl\u00e1sica desde el cuerpo sensible y barra a terre\u00bb<b>,\u00a0<\/b>del 10 al 12 de noviembre en el TB. Esta actividad se realiza en el marco de las\u00a0<em>\u201cCl\u00ednicas de formaci\u00f3n y perfeccionamiento para int\u00e9rpretes esc\u00e9nicos\u201d,\u00a0<\/em>proyecto cultural presentado por los sanjuaninos Emanuel Pi \u00c1lvarez y Sol Quinto, seleccionado en el marco de la Ley de Mecenazgo 2022. Esta es la primera edici\u00f3n de un ciclo de tres cl\u00ednicas que fueron declaradas de inter\u00e9s cultural seg\u00fan la Ley provincial de Mecenazgo<\/p>\n<p>La convocatoria est\u00e1 dirigida a bailarines que ejerzan la docencia con una experiencia m\u00ednima de entrenamiento en danza cl\u00e1sica de cuatro (4) a\u00f1os y que se encuentren interesados en abordar un trabajo intensivo a lo largo de tres jornadas. La actividad es gratuita con inscripci\u00f3n previa y cupos limitados. Dados los tiempos acotados propuestos, se realizar\u00e1 una selecci\u00f3n en base a Curr\u00edculums, motivaciones personales y carta de aval de la instituci\u00f3n que representa. Los interesados pueden ingresar al formulario de inscripci\u00f3n<\/p>\n<p><a href=\"https:\/\/docs.google.com\/forms\/d\/e\/1FAIpQLScDWVC3p_unbb2oilRSRU2dd9Cx1YUwMUUQwgL_GMiPQwGt7A\/viewform\">https:\/\/docs.google.com\/forms\/d\/e\/1FAIpQLScDWVC3p_unbb2oilRSRU2dd9Cx1YUwMUUQwgL_GMiPQwGt7A\/viewform<\/a><\/p>\n<p>Actualmente, Victoria Viberti se desempe\u00f1a como bailarina en la Compa\u00f1\u00eda Nacional de Danza Contempor\u00e1nea, como docente en el taller de Danza del Teatro San Mart\u00edn, es docente y fundadora de FACE.<\/p>\n<p>&nbsp;<\/p>\n<p><img loading=\"lazy\" decoding=\"async\" class=\"alignnone size-large wp-image-24321\" src=\"https:\/\/vocesparalelas.com.ar\/sitio\/wp-content\/uploads\/2019\/10\/TEATRO-DEL-BICENTENARIO-100-800x503.jpg\" alt=\"\" width=\"800\" height=\"503\" srcset=\"https:\/\/vocesparalelas.com.ar\/sitio\/wp-content\/uploads\/2019\/10\/TEATRO-DEL-BICENTENARIO-100.jpg 800w, https:\/\/vocesparalelas.com.ar\/sitio\/wp-content\/uploads\/2019\/10\/TEATRO-DEL-BICENTENARIO-100-300x189.jpg 300w, https:\/\/vocesparalelas.com.ar\/sitio\/wp-content\/uploads\/2019\/10\/TEATRO-DEL-BICENTENARIO-100-768x483.jpg 768w\" sizes=\"auto, (max-width: 800px) 100vw, 800px\" \/><\/p>\n<p>&nbsp;<\/p>\n<p>&nbsp;<\/p>\n<p>&nbsp;<\/p>\n","protected":false},"excerpt":{"rendered":"<p>El Teatro del Bicentenario, dependiente del Ministerio de Turismo y Cultura del Gobierno de San Juan, convoca a artistas esc\u00e9nicos<\/p>\n","protected":false},"author":3,"featured_media":37259,"comment_status":"closed","ping_status":"closed","sticky":false,"template":"","format":"standard","meta":{"_acf_changed":false,"_seopress_robots_primary_cat":"none","_seopress_titles_title":"","_seopress_titles_desc":"","_seopress_robots_index":"","colormag_page_container_layout":"default_layout","colormag_page_sidebar_layout":"default_layout","footnotes":""},"categories":[9],"tags":[],"class_list":["post-65065","post","type-post","status-publish","format-standard","has-post-thumbnail","hentry","category-cursos"],"acf":[],"_links":{"self":[{"href":"https:\/\/vocesparalelas.com.ar\/sitio\/wp-json\/wp\/v2\/posts\/65065","targetHints":{"allow":["GET"]}}],"collection":[{"href":"https:\/\/vocesparalelas.com.ar\/sitio\/wp-json\/wp\/v2\/posts"}],"about":[{"href":"https:\/\/vocesparalelas.com.ar\/sitio\/wp-json\/wp\/v2\/types\/post"}],"author":[{"embeddable":true,"href":"https:\/\/vocesparalelas.com.ar\/sitio\/wp-json\/wp\/v2\/users\/3"}],"replies":[{"embeddable":true,"href":"https:\/\/vocesparalelas.com.ar\/sitio\/wp-json\/wp\/v2\/comments?post=65065"}],"version-history":[{"count":3,"href":"https:\/\/vocesparalelas.com.ar\/sitio\/wp-json\/wp\/v2\/posts\/65065\/revisions"}],"predecessor-version":[{"id":65070,"href":"https:\/\/vocesparalelas.com.ar\/sitio\/wp-json\/wp\/v2\/posts\/65065\/revisions\/65070"}],"wp:featuredmedia":[{"embeddable":true,"href":"https:\/\/vocesparalelas.com.ar\/sitio\/wp-json\/wp\/v2\/media\/37259"}],"wp:attachment":[{"href":"https:\/\/vocesparalelas.com.ar\/sitio\/wp-json\/wp\/v2\/media?parent=65065"}],"wp:term":[{"taxonomy":"category","embeddable":true,"href":"https:\/\/vocesparalelas.com.ar\/sitio\/wp-json\/wp\/v2\/categories?post=65065"},{"taxonomy":"post_tag","embeddable":true,"href":"https:\/\/vocesparalelas.com.ar\/sitio\/wp-json\/wp\/v2\/tags?post=65065"}],"curies":[{"name":"wp","href":"https:\/\/api.w.org\/{rel}","templated":true}]}}