{"id":65028,"date":"2023-10-27T18:41:08","date_gmt":"2023-10-27T21:41:08","guid":{"rendered":"https:\/\/vocesparalelas.com.ar\/sitio\/?p=65028"},"modified":"2023-10-30T22:50:11","modified_gmt":"2023-10-31T01:50:11","slug":"se-creo-especializacion-en-bibliotecologia-y-ciencias-de-la-informacion-a-distancia-en-la-unsj","status":"publish","type":"post","link":"https:\/\/vocesparalelas.com.ar\/sitio\/se-creo-especializacion-en-bibliotecologia-y-ciencias-de-la-informacion-a-distancia-en-la-unsj\/","title":{"rendered":"Se cre\u00f3 \u00abEspecializaci\u00f3n en Bibliotecolog\u00eda y Ciencias de la Informaci\u00f3n\u00bb a distancia en la UNSJ"},"content":{"rendered":"<p>El Consejo Superior de la Universidad Nacional de San Juan aprob\u00f3 por un\u00e1nime, el Jueves, 26 de Octubre de 2023, la \u00abEspecializaci\u00f3n en Bibliotecolog\u00eda y Ciencias de la Informaci\u00f3n, una carrera de posgrado a distancia y que se dicta desde la Facultad de Ciencias Sociales de la UNSJ.<\/p>\n<p>Como cont\u00f3 a Prensa Institucional de la UNSJ Lic. Marcela Saffe, una de las responsables de la nueva carrera y directora de la Biblioteca Central de la FACSO, esta propuesta encuentra su origen en la Diplomatura en Bibliotecolog\u00eda a distancia, que ya lleva dos cohortes y que tiene cursantes a nivel nacional e internacional. Pero esa Diplomatura es una actividad de posgrado y lo que cre\u00f3 este jueves el Consejo es una carrera, \u201cla primera carrera a distancia de la Universidad\u201d.<\/p>\n<p>Ahora, la propuesta acad\u00e9mica debe recorrer los caminos de la Comisi\u00f3n Nacional de Evaluaci\u00f3n y Acreditaci\u00f3n Universitaria &#8211; CONEAU -, por lo que se espera que a mediados de 2024 est\u00e9 en condiciones de comenzar con sus inscripciones.<\/p>\n<p>La obligada no presencialidad de la pandemia de Covid 19 en 2020 comenz\u00f3 a poner al SIED (Sistema Institucional de Educaci\u00f3n a Distancia) de esta Universidad en consideraci\u00f3n masiva hacia el interior de la UNSJ. Fue este Sistema el\u00a0que hizo posible no detener las actividades de la Universidad en cuarentena. Pero lo cierto es que ya desde\u00a0veinte a\u00f1os antes de la pandemia el SIED desarrollaba investigaciones y trabajos referentes a la virtualidad\u00a0para toda la Universidad. Y dentro de un tiempo tendr\u00e1\u00a0mucho que ver con el dictado\u00a0de esta nueva Especializaci\u00f3n. \u201cPas\u00f3 la pandemia y hoy quiero felicitar y agradecer profundamente a este equipo de docentes que tom\u00f3 el gran desaf\u00edo de armar la carrera a distancia, porque\u00a0en lo que ven\u00edamos trabajando era en las carreras presenciales con mediaciones tecnol\u00f3gicas, con presencialidad remota y experiencias que no respond\u00edan totalmente a la acci\u00f3n pedag\u00f3gica a distancia\u201d, contextualiz\u00f3 Rosa P\u00f3sito, responsable del SIED.<\/p>\n<p>El Lic. Ernesto Carrizo, director de la nueva carrera, especific\u00f3 que Bibliotecolog\u00eda es una de las \u00e1reas disciplinares que integran la Ciencia de la informaci\u00f3n. \u201cLa Ciencia de la Informaci\u00f3n est\u00e1 compuesta por la Bibliotecolog\u00eda, la Archiv\u00edstica, la Museolog\u00eda y la Documentaci\u00f3n\u201d. Esta primera carrera a distancia, tal como sucede con la Diplomatura en Bibliotecolog\u00eda, contar\u00e1 con docentes de diferentes universidades del pa\u00eds. Podr\u00e1n cursarla personas graduadas en Licenciaturas en Bibliotecolog\u00eda, en Archiv\u00edstica, en Museolog\u00eda y en Documentaci\u00f3n\u00bb.<\/p>\n<p>La Lic. Marcela Saffe refiri\u00f3 que el cursado de la Especializaci\u00f3n tiene un a\u00f1o y medio de duraci\u00f3n, con ocho m\u00f3dulos del \u00e1rea de formaci\u00f3n y uno del trabajo integrador final.<\/p>\n<p>La siempre recordada vicerrectora M\u00f3nica Coca sol\u00eda decir que la UNSJ se encaminar\u00eda a ser, tambi\u00e9n, una Universidad a distancia.<\/p>\n<p><img loading=\"lazy\" decoding=\"async\" class=\"alignnone size-full wp-image-53945\" src=\"https:\/\/vocesparalelas.com.ar\/sitio\/wp-content\/uploads\/2022\/10\/UNSJ-LOGO-50-FINAL.jpg\" alt=\"\" width=\"800\" height=\"476\" srcset=\"https:\/\/vocesparalelas.com.ar\/sitio\/wp-content\/uploads\/2022\/10\/UNSJ-LOGO-50-FINAL.jpg 800w, https:\/\/vocesparalelas.com.ar\/sitio\/wp-content\/uploads\/2022\/10\/UNSJ-LOGO-50-FINAL-300x179.jpg 300w, https:\/\/vocesparalelas.com.ar\/sitio\/wp-content\/uploads\/2022\/10\/UNSJ-LOGO-50-FINAL-768x457.jpg 768w\" sizes=\"auto, (max-width: 800px) 100vw, 800px\" \/> <img loading=\"lazy\" decoding=\"async\" class=\"alignnone size-full wp-image-54035\" src=\"https:\/\/vocesparalelas.com.ar\/sitio\/wp-content\/uploads\/2022\/11\/UNSJ-LOGO-10.jpg\" alt=\"\" width=\"800\" height=\"533\" srcset=\"https:\/\/vocesparalelas.com.ar\/sitio\/wp-content\/uploads\/2022\/11\/UNSJ-LOGO-10.jpg 800w, https:\/\/vocesparalelas.com.ar\/sitio\/wp-content\/uploads\/2022\/11\/UNSJ-LOGO-10-300x200.jpg 300w, https:\/\/vocesparalelas.com.ar\/sitio\/wp-content\/uploads\/2022\/11\/UNSJ-LOGO-10-768x512.jpg 768w\" sizes=\"auto, (max-width: 800px) 100vw, 800px\" \/><\/p>\n","protected":false},"excerpt":{"rendered":"<p>El Consejo Superior de la Universidad Nacional de San Juan aprob\u00f3 por un\u00e1nime, el Jueves, 26 de Octubre de 2023,<\/p>\n","protected":false},"author":3,"featured_media":65031,"comment_status":"closed","ping_status":"closed","sticky":false,"template":"","format":"standard","meta":{"_acf_changed":false,"_seopress_robots_primary_cat":"none","_seopress_titles_title":"","_seopress_titles_desc":"","_seopress_robots_index":"","colormag_page_container_layout":"default_layout","colormag_page_sidebar_layout":"default_layout","footnotes":""},"categories":[15],"tags":[],"class_list":["post-65028","post","type-post","status-publish","format-standard","has-post-thumbnail","hentry","category-posgrados"],"acf":[],"_links":{"self":[{"href":"https:\/\/vocesparalelas.com.ar\/sitio\/wp-json\/wp\/v2\/posts\/65028","targetHints":{"allow":["GET"]}}],"collection":[{"href":"https:\/\/vocesparalelas.com.ar\/sitio\/wp-json\/wp\/v2\/posts"}],"about":[{"href":"https:\/\/vocesparalelas.com.ar\/sitio\/wp-json\/wp\/v2\/types\/post"}],"author":[{"embeddable":true,"href":"https:\/\/vocesparalelas.com.ar\/sitio\/wp-json\/wp\/v2\/users\/3"}],"replies":[{"embeddable":true,"href":"https:\/\/vocesparalelas.com.ar\/sitio\/wp-json\/wp\/v2\/comments?post=65028"}],"version-history":[{"count":1,"href":"https:\/\/vocesparalelas.com.ar\/sitio\/wp-json\/wp\/v2\/posts\/65028\/revisions"}],"predecessor-version":[{"id":65032,"href":"https:\/\/vocesparalelas.com.ar\/sitio\/wp-json\/wp\/v2\/posts\/65028\/revisions\/65032"}],"wp:featuredmedia":[{"embeddable":true,"href":"https:\/\/vocesparalelas.com.ar\/sitio\/wp-json\/wp\/v2\/media\/65031"}],"wp:attachment":[{"href":"https:\/\/vocesparalelas.com.ar\/sitio\/wp-json\/wp\/v2\/media?parent=65028"}],"wp:term":[{"taxonomy":"category","embeddable":true,"href":"https:\/\/vocesparalelas.com.ar\/sitio\/wp-json\/wp\/v2\/categories?post=65028"},{"taxonomy":"post_tag","embeddable":true,"href":"https:\/\/vocesparalelas.com.ar\/sitio\/wp-json\/wp\/v2\/tags?post=65028"}],"curies":[{"name":"wp","href":"https:\/\/api.w.org\/{rel}","templated":true}]}}