{"id":65020,"date":"2023-10-26T22:54:05","date_gmt":"2023-10-27T01:54:05","guid":{"rendered":"https:\/\/vocesparalelas.com.ar\/sitio\/?p=65020"},"modified":"2023-10-28T19:30:12","modified_gmt":"2023-10-28T22:30:12","slug":"la-cuyania-va-a-la-escuela-en-san-juan","status":"publish","type":"post","link":"https:\/\/vocesparalelas.com.ar\/sitio\/la-cuyania-va-a-la-escuela-en-san-juan\/","title":{"rendered":"La Cuyan\u00eda va a la Escuela en San Juan"},"content":{"rendered":"<p>El Ministerio de Turismo y Cultura del Gobierno de San Juan y el Complejo del Auditorio Ing. Juan Victoria desarrollan el Proyecto \u00abLa Cuyan\u00eda va a la Escuela\u00bb, una propuesta que permite hacer conocer la m\u00fasica de San Juan fundamentalmente la Tonada y valorizar la identidad cultural.<\/p>\n<p>Es importante destacar que, el Viernes, 27 de Octubre, a las 15 hs.; lleg\u00f3 a la Escuela Justo Jos\u00e9 de Urquiza.<\/p>\n<p><iframe loading=\"lazy\" title=\"LA CUYANIA VA A LA ESCUELA\" width=\"800\" height=\"450\" src=\"https:\/\/www.youtube.com\/embed\/nYAnYNRKw8g?feature=oembed\" frameborder=\"0\" allow=\"accelerometer; autoplay; clipboard-write; encrypted-media; gyroscope; picture-in-picture; web-share\" allowfullscreen><\/iframe><\/p>\n<p>Hasta los alumnos cantaron<\/p>\n<p><iframe loading=\"lazy\" title=\"LA CUYANIA VA A LA ESCUELA\" width=\"800\" height=\"450\" src=\"https:\/\/www.youtube.com\/embed\/Sypid_dZWKE?feature=oembed\" frameborder=\"0\" allow=\"accelerometer; autoplay; clipboard-write; encrypted-media; gyroscope; picture-in-picture; web-share\" allowfullscreen><\/iframe><\/p>\n<p>Las escuelas interesadas en sumarse al proyecto deben inscribirse por la red social instagram de La Cuyan\u00eda \u00f3 personalmente, en el Complejo del Auditorio Ing. Juan Victoria.<\/p>\n<p><iframe loading=\"lazy\" title=\"LOS VIDELAS\" width=\"800\" height=\"450\" src=\"https:\/\/www.youtube.com\/embed\/varXRGYBDa4?feature=oembed\" frameborder=\"0\" allow=\"accelerometer; autoplay; clipboard-write; encrypted-media; gyroscope; picture-in-picture; web-share\" allowfullscreen><\/iframe><\/p>\n<p>Por ello, Voces Paralelas desarroll\u00f3 una entrevista period\u00edstica\u00a0 al Director del Complejo del Auditorio Ing. Juan Victoria, Prof. Rolando Garc\u00eda G\u00f3mez, quien describi\u00f3 el proyecto para que los alumnos y la familia valoricen la identidad de San Juan donde son partes.<\/p>\n<p><iframe loading=\"lazy\" title=\"CUYANIA VA A LA ESCUELA ROLANDO GARC\u00cdA G\u00d3MEZ\" width=\"800\" height=\"450\" src=\"https:\/\/www.youtube.com\/embed\/NKtK6VXwElY?feature=oembed\" frameborder=\"0\" allow=\"accelerometer; autoplay; clipboard-write; encrypted-media; gyroscope; picture-in-picture; web-share\" allowfullscreen><\/iframe><\/p>\n<p><img loading=\"lazy\" decoding=\"async\" class=\"alignnone size-full wp-image-61468\" src=\"https:\/\/vocesparalelas.com.ar\/sitio\/wp-content\/uploads\/2023\/07\/AUDITORIO-EDIFICIO.jpg\" alt=\"\" width=\"800\" height=\"533\" srcset=\"https:\/\/vocesparalelas.com.ar\/sitio\/wp-content\/uploads\/2023\/07\/AUDITORIO-EDIFICIO.jpg 800w, https:\/\/vocesparalelas.com.ar\/sitio\/wp-content\/uploads\/2023\/07\/AUDITORIO-EDIFICIO-300x200.jpg 300w, https:\/\/vocesparalelas.com.ar\/sitio\/wp-content\/uploads\/2023\/07\/AUDITORIO-EDIFICIO-768x512.jpg 768w\" sizes=\"auto, (max-width: 800px) 100vw, 800px\" \/><\/p>\n<p>&nbsp;<\/p>\n<p>&nbsp;<\/p>\n","protected":false},"excerpt":{"rendered":"<p>El Ministerio de Turismo y Cultura del Gobierno de San Juan y el Complejo del Auditorio Ing. Juan Victoria desarrollan<\/p>\n","protected":false},"author":3,"featured_media":65023,"comment_status":"closed","ping_status":"closed","sticky":false,"template":"","format":"standard","meta":{"_acf_changed":false,"_seopress_robots_primary_cat":"none","_seopress_titles_title":"","_seopress_titles_desc":"","_seopress_robots_index":"","colormag_page_container_layout":"default_layout","colormag_page_sidebar_layout":"default_layout","footnotes":""},"categories":[2,7],"tags":[],"class_list":["post-65020","post","type-post","status-publish","format-standard","has-post-thumbnail","hentry","category-convocatorias","category-videos"],"acf":[],"_links":{"self":[{"href":"https:\/\/vocesparalelas.com.ar\/sitio\/wp-json\/wp\/v2\/posts\/65020","targetHints":{"allow":["GET"]}}],"collection":[{"href":"https:\/\/vocesparalelas.com.ar\/sitio\/wp-json\/wp\/v2\/posts"}],"about":[{"href":"https:\/\/vocesparalelas.com.ar\/sitio\/wp-json\/wp\/v2\/types\/post"}],"author":[{"embeddable":true,"href":"https:\/\/vocesparalelas.com.ar\/sitio\/wp-json\/wp\/v2\/users\/3"}],"replies":[{"embeddable":true,"href":"https:\/\/vocesparalelas.com.ar\/sitio\/wp-json\/wp\/v2\/comments?post=65020"}],"version-history":[{"count":4,"href":"https:\/\/vocesparalelas.com.ar\/sitio\/wp-json\/wp\/v2\/posts\/65020\/revisions"}],"predecessor-version":[{"id":65090,"href":"https:\/\/vocesparalelas.com.ar\/sitio\/wp-json\/wp\/v2\/posts\/65020\/revisions\/65090"}],"wp:featuredmedia":[{"embeddable":true,"href":"https:\/\/vocesparalelas.com.ar\/sitio\/wp-json\/wp\/v2\/media\/65023"}],"wp:attachment":[{"href":"https:\/\/vocesparalelas.com.ar\/sitio\/wp-json\/wp\/v2\/media?parent=65020"}],"wp:term":[{"taxonomy":"category","embeddable":true,"href":"https:\/\/vocesparalelas.com.ar\/sitio\/wp-json\/wp\/v2\/categories?post=65020"},{"taxonomy":"post_tag","embeddable":true,"href":"https:\/\/vocesparalelas.com.ar\/sitio\/wp-json\/wp\/v2\/tags?post=65020"}],"curies":[{"name":"wp","href":"https:\/\/api.w.org\/{rel}","templated":true}]}}