{"id":65014,"date":"2023-10-26T19:22:07","date_gmt":"2023-10-26T22:22:07","guid":{"rendered":"https:\/\/vocesparalelas.com.ar\/sitio\/?p=65014"},"modified":"2023-10-27T00:33:40","modified_gmt":"2023-10-27T03:33:40","slug":"comitiva-de-chile-en-la-camara-de-diputados-de-san-juan","status":"publish","type":"post","link":"https:\/\/vocesparalelas.com.ar\/sitio\/comitiva-de-chile-en-la-camara-de-diputados-de-san-juan\/","title":{"rendered":"Comitiva de Chile en la C\u00e1mara de Diputados de San Juan"},"content":{"rendered":"<div class=\"itemFullText jbintrotext\">\n<p>El vicegobernador CPN Roberto Gattoni recibi\u00f3 a una comitiva de chilenos que asistieron a la C\u00e1mara de Diputados para presentar sus saludos protocolares y dialogar sobre temas de integraci\u00f3n.<\/p>\n<\/div>\n<div class=\"itemFullText\">\n<p>En la ocasi\u00f3n, estuvo presente el secretario de Relaciones Institucionales, Marcelo Fretes; el director de la Casa de San Juan en Buenos Aires, Juan Cruz D\u00e1vila; el encargado de Negocios de la Embajada de Chile, Alberto Rodr\u00edguez; el primer secretario de la Embajada de Chile, Patricio Williams y el c\u00f3nsul General de Chile en Cuyo, David Quiroga.<\/p>\n<p>Durante la reuni\u00f3n, intercambiaron experiencias y realizaron aportes destinados a fomentar una integraci\u00f3n a largo plazo entre ambas naciones, en \u00e1mbitos como lo cultural, tur\u00edstico, cient\u00edfico y econ\u00f3mico. Asimismo, dialogaron sobre la promoci\u00f3n de un trabajo conjunto y una cadena de valor, as\u00ed como la mejora de la integraci\u00f3n f\u00edsica, haciendo especial referencia al camino de Agua Negra.<\/p>\n<figure id=\"attachment_37951\" aria-describedby=\"caption-attachment-37951\" style=\"width: 800px\" class=\"wp-caption alignnone\"><img loading=\"lazy\" decoding=\"async\" class=\"size-full wp-image-37951\" src=\"https:\/\/vocesparalelas.com.ar\/sitio\/wp-content\/uploads\/2021\/05\/CAMARA-EDIFICIO.jpg\" alt=\"\" width=\"800\" height=\"515\" srcset=\"https:\/\/vocesparalelas.com.ar\/sitio\/wp-content\/uploads\/2021\/05\/CAMARA-EDIFICIO.jpg 800w, https:\/\/vocesparalelas.com.ar\/sitio\/wp-content\/uploads\/2021\/05\/CAMARA-EDIFICIO-300x193.jpg 300w, https:\/\/vocesparalelas.com.ar\/sitio\/wp-content\/uploads\/2021\/05\/CAMARA-EDIFICIO-768x494.jpg 768w\" sizes=\"auto, (max-width: 800px) 100vw, 800px\" \/><figcaption id=\"caption-attachment-37951\" class=\"wp-caption-text\">Legislatura Provincial de San Juan, Rep\u00fablica Argentina<\/figcaption><\/figure>\n<\/div>\n","protected":false},"excerpt":{"rendered":"<p>El vicegobernador CPN Roberto Gattoni recibi\u00f3 a una comitiva de chilenos que asistieron a la C\u00e1mara de Diputados para presentar<\/p>\n","protected":false},"author":3,"featured_media":65017,"comment_status":"closed","ping_status":"closed","sticky":false,"template":"","format":"standard","meta":{"_acf_changed":false,"_seopress_robots_primary_cat":"none","_seopress_titles_title":"","_seopress_titles_desc":"","_seopress_robots_index":"","colormag_page_container_layout":"default_layout","colormag_page_sidebar_layout":"default_layout","footnotes":""},"categories":[1],"tags":[],"class_list":["post-65014","post","type-post","status-publish","format-standard","has-post-thumbnail","hentry","category-destacadas"],"acf":[],"_links":{"self":[{"href":"https:\/\/vocesparalelas.com.ar\/sitio\/wp-json\/wp\/v2\/posts\/65014","targetHints":{"allow":["GET"]}}],"collection":[{"href":"https:\/\/vocesparalelas.com.ar\/sitio\/wp-json\/wp\/v2\/posts"}],"about":[{"href":"https:\/\/vocesparalelas.com.ar\/sitio\/wp-json\/wp\/v2\/types\/post"}],"author":[{"embeddable":true,"href":"https:\/\/vocesparalelas.com.ar\/sitio\/wp-json\/wp\/v2\/users\/3"}],"replies":[{"embeddable":true,"href":"https:\/\/vocesparalelas.com.ar\/sitio\/wp-json\/wp\/v2\/comments?post=65014"}],"version-history":[{"count":1,"href":"https:\/\/vocesparalelas.com.ar\/sitio\/wp-json\/wp\/v2\/posts\/65014\/revisions"}],"predecessor-version":[{"id":65018,"href":"https:\/\/vocesparalelas.com.ar\/sitio\/wp-json\/wp\/v2\/posts\/65014\/revisions\/65018"}],"wp:featuredmedia":[{"embeddable":true,"href":"https:\/\/vocesparalelas.com.ar\/sitio\/wp-json\/wp\/v2\/media\/65017"}],"wp:attachment":[{"href":"https:\/\/vocesparalelas.com.ar\/sitio\/wp-json\/wp\/v2\/media?parent=65014"}],"wp:term":[{"taxonomy":"category","embeddable":true,"href":"https:\/\/vocesparalelas.com.ar\/sitio\/wp-json\/wp\/v2\/categories?post=65014"},{"taxonomy":"post_tag","embeddable":true,"href":"https:\/\/vocesparalelas.com.ar\/sitio\/wp-json\/wp\/v2\/tags?post=65014"}],"curies":[{"name":"wp","href":"https:\/\/api.w.org\/{rel}","templated":true}]}}