{"id":65009,"date":"2023-10-26T21:16:20","date_gmt":"2023-10-27T00:16:20","guid":{"rendered":"https:\/\/vocesparalelas.com.ar\/sitio\/?p=65009"},"modified":"2023-10-27T00:16:34","modified_gmt":"2023-10-27T03:16:34","slug":"capacitacion-liderazgo-positivo-en-la-camara-de-diputados-de-san-juan","status":"publish","type":"post","link":"https:\/\/vocesparalelas.com.ar\/sitio\/capacitacion-liderazgo-positivo-en-la-camara-de-diputados-de-san-juan\/","title":{"rendered":"Capacitaci\u00f3n \u00abLiderazgo Positivo\u00bb en la C\u00e1mara de Diputados de San Juan"},"content":{"rendered":"<div class=\"itemFullText jbintrotext\">\n<p>Desde el \u00e1rea de capacitaci\u00f3n del Departamento de Personal, la C\u00e1mara de Diputados llev\u00f3 a cabo una capacitaci\u00f3n de Liderazgo Positivo destinado a directores, subdirectores, jefes, supervisores y todo el personal que lidere equipos de trabajo en la Legislatura.<\/p>\n<\/div>\n<div class=\"itemFullText\">\n<p>La charla formativa fue cumplida en el segundo piso del edificio Anexo y estuvo a cargo de Mar\u00eda Eugenia Orozco, responsable de Calidad de la C\u00e1mara y Iv\u00f3n S\u00e1ndez Fiorito, ingeniera y licienciada en Recursos Humano.<\/p>\n<p>Cabe se\u00f1alar que los objetivos de esta actividad consisten en identificar y reconocer las caracter\u00edsticas del liderazgo positivo; e identificar, reconocer y reflexionar sobre la importancia de factores claves de \u00e9xito para gestionar equipos de alto rendimiento.<\/p>\n<figure id=\"attachment_37951\" aria-describedby=\"caption-attachment-37951\" style=\"width: 800px\" class=\"wp-caption alignnone\"><img loading=\"lazy\" decoding=\"async\" class=\"wp-image-37951 size-full\" src=\"https:\/\/vocesparalelas.com.ar\/sitio\/wp-content\/uploads\/2021\/05\/CAMARA-EDIFICIO.jpg\" alt=\"\" width=\"800\" height=\"515\" srcset=\"https:\/\/vocesparalelas.com.ar\/sitio\/wp-content\/uploads\/2021\/05\/CAMARA-EDIFICIO.jpg 800w, https:\/\/vocesparalelas.com.ar\/sitio\/wp-content\/uploads\/2021\/05\/CAMARA-EDIFICIO-300x193.jpg 300w, https:\/\/vocesparalelas.com.ar\/sitio\/wp-content\/uploads\/2021\/05\/CAMARA-EDIFICIO-768x494.jpg 768w\" sizes=\"auto, (max-width: 800px) 100vw, 800px\" \/><figcaption id=\"caption-attachment-37951\" class=\"wp-caption-text\">Legislatura Provincial de San Juan, Rep\u00fablica Argentina<\/figcaption><\/figure>\n<\/div>\n","protected":false},"excerpt":{"rendered":"<p>Desde el \u00e1rea de capacitaci\u00f3n del Departamento de Personal, la C\u00e1mara de Diputados llev\u00f3 a cabo una capacitaci\u00f3n de Liderazgo<\/p>\n","protected":false},"author":3,"featured_media":65012,"comment_status":"closed","ping_status":"closed","sticky":false,"template":"","format":"standard","meta":{"_acf_changed":false,"_seopress_robots_primary_cat":"none","_seopress_titles_title":"","_seopress_titles_desc":"","_seopress_robots_index":"","colormag_page_container_layout":"default_layout","colormag_page_sidebar_layout":"default_layout","footnotes":""},"categories":[1],"tags":[],"class_list":["post-65009","post","type-post","status-publish","format-standard","has-post-thumbnail","hentry","category-destacadas"],"acf":[],"_links":{"self":[{"href":"https:\/\/vocesparalelas.com.ar\/sitio\/wp-json\/wp\/v2\/posts\/65009","targetHints":{"allow":["GET"]}}],"collection":[{"href":"https:\/\/vocesparalelas.com.ar\/sitio\/wp-json\/wp\/v2\/posts"}],"about":[{"href":"https:\/\/vocesparalelas.com.ar\/sitio\/wp-json\/wp\/v2\/types\/post"}],"author":[{"embeddable":true,"href":"https:\/\/vocesparalelas.com.ar\/sitio\/wp-json\/wp\/v2\/users\/3"}],"replies":[{"embeddable":true,"href":"https:\/\/vocesparalelas.com.ar\/sitio\/wp-json\/wp\/v2\/comments?post=65009"}],"version-history":[{"count":1,"href":"https:\/\/vocesparalelas.com.ar\/sitio\/wp-json\/wp\/v2\/posts\/65009\/revisions"}],"predecessor-version":[{"id":65013,"href":"https:\/\/vocesparalelas.com.ar\/sitio\/wp-json\/wp\/v2\/posts\/65009\/revisions\/65013"}],"wp:featuredmedia":[{"embeddable":true,"href":"https:\/\/vocesparalelas.com.ar\/sitio\/wp-json\/wp\/v2\/media\/65012"}],"wp:attachment":[{"href":"https:\/\/vocesparalelas.com.ar\/sitio\/wp-json\/wp\/v2\/media?parent=65009"}],"wp:term":[{"taxonomy":"category","embeddable":true,"href":"https:\/\/vocesparalelas.com.ar\/sitio\/wp-json\/wp\/v2\/categories?post=65009"},{"taxonomy":"post_tag","embeddable":true,"href":"https:\/\/vocesparalelas.com.ar\/sitio\/wp-json\/wp\/v2\/tags?post=65009"}],"curies":[{"name":"wp","href":"https:\/\/api.w.org\/{rel}","templated":true}]}}