{"id":65002,"date":"2023-10-26T20:03:06","date_gmt":"2023-10-26T23:03:06","guid":{"rendered":"https:\/\/vocesparalelas.com.ar\/sitio\/?p=65002"},"modified":"2023-10-27T00:10:35","modified_gmt":"2023-10-27T03:10:35","slug":"sala-de-lactancia-en-el-anexo-de-la-camara-de-diputados-de-san-juan","status":"publish","type":"post","link":"https:\/\/vocesparalelas.com.ar\/sitio\/sala-de-lactancia-en-el-anexo-de-la-camara-de-diputados-de-san-juan\/","title":{"rendered":"Sala de lactancia en el Anexo de la C\u00e1mara de Diputados de San Juan"},"content":{"rendered":"<div class=\"itemFullText jbintrotext\">\n<p>En un paso significativo hacia la promoci\u00f3n de la igualdad y el bienestar de las madres trabajadoras, la C\u00e1mara de Diputados en su edificio Anexo, puso en funcionamiento una moderna sala de lactancia.<\/p>\n<\/div>\n<div class=\"itemFullText\">\n<p>Este espacio est\u00e1 dise\u00f1ado para permitir que las madres lactantes ejerzan su derecho a la lactancia de manera libre y en condiciones \u00f3ptimas durante su jornada laboral.<\/p>\n<p>Esta iniciativa fue impulsada por el Departamento de Personal en forma coordinada con la Direcci\u00f3n de T\u00e9cnica y Mantenimiento, cuyos integrantes desarrollaron y concretaron el proyecto.<\/p>\n<p>La apertura de esta sala de lactancia tuvo lugar en el contexto de la celebraci\u00f3n del Mes de la Madre y en conformidad con las disposiciones de la Ley N\u00b0 26.873 de Lactancia Materna y el Art\u00edculo 179\u00b0 de la Ley de Contrato de Trabajo, as\u00ed como el Programa Provincial de Lactancia, regulaciones \u00e9stas que no solo fortalecen y protegen el derecho a la lactancia materna, sino que tambi\u00e9n lo promueven y respaldan.<\/p>\n<p>La nueva instalaci\u00f3n se encuentra ubicada en el primer piso del Edificio Anexo de la Legislatura y cumple con los requisitos f\u00edsicos y de equipamiento detallados por el Ministerio de Salud P\u00fablica, ya que posee elementos de confort tales \u00a0como un frigobar con freezer para almacenar la leche extra\u00edda, un lavabo, un sill\u00f3n c\u00f3modo, una mesa de apoyo, un dispensador de agua fr\u00eda y caliente y un perchero.<\/p>\n<p>El espacio fue dise\u00f1ado teniendo en consideraci\u00f3n las necesidades de las madres al momento de la lactancia y en suma proporciona un entorno que combina comodidad, privacidad e higiene, lo que permite a las madres legislativas extraer y almacenar su leche con total seguridad y tranquilidad.<\/p>\n<p>La lactancia materna es ampliamente reconocida por sus m\u00faltiples beneficios para la salud, el desarrollo y el bienestar de las madres, as\u00ed como para los ni\u00f1os y ni\u00f1as que la reciben. A trav\u00e9s de la lactancia, son transmitidos mecanismos de defensa que reducen la morbilidad y mortalidad neonatal e infantil. En l\u00ednea con estas ventajas, la Organizaci\u00f3n Mundial de la Salud (OMS) recomienda la lactancia materna exclusiva durante un m\u00ednimo de seis meses, con la sugerencia de continuarla hasta los dos a\u00f1os de vida, complementada con una alimentaci\u00f3n saludable apropiada para la edad.<\/p>\n<p>La inauguraci\u00f3n de esta sala de lactancia refleja el compromiso de respetar, promover y proteger el derecho de las mujeres a ejercer su maternidad y, por ende, la lactancia materna de forma aut\u00f3noma y voluntaria. Estas medidas no solo benefician a las madres que trabajan, sino que tambi\u00e9n brindan un entorno m\u00e1s saludable y acogedor para los ni\u00f1os y ni\u00f1as lactantes.<\/p>\n<figure id=\"attachment_37951\" aria-describedby=\"caption-attachment-37951\" style=\"width: 800px\" class=\"wp-caption alignnone\"><img loading=\"lazy\" decoding=\"async\" class=\"size-full wp-image-37951\" src=\"https:\/\/vocesparalelas.com.ar\/sitio\/wp-content\/uploads\/2021\/05\/CAMARA-EDIFICIO.jpg\" alt=\"\" width=\"800\" height=\"515\" srcset=\"https:\/\/vocesparalelas.com.ar\/sitio\/wp-content\/uploads\/2021\/05\/CAMARA-EDIFICIO.jpg 800w, https:\/\/vocesparalelas.com.ar\/sitio\/wp-content\/uploads\/2021\/05\/CAMARA-EDIFICIO-300x193.jpg 300w, https:\/\/vocesparalelas.com.ar\/sitio\/wp-content\/uploads\/2021\/05\/CAMARA-EDIFICIO-768x494.jpg 768w\" sizes=\"auto, (max-width: 800px) 100vw, 800px\" \/><figcaption id=\"caption-attachment-37951\" class=\"wp-caption-text\">Legislatura Provincial de San Juan<\/figcaption><\/figure>\n<\/div>\n","protected":false},"excerpt":{"rendered":"<p>En un paso significativo hacia la promoci\u00f3n de la igualdad y el bienestar de las madres trabajadoras, la C\u00e1mara de<\/p>\n","protected":false},"author":3,"featured_media":65006,"comment_status":"closed","ping_status":"closed","sticky":false,"template":"","format":"standard","meta":{"_acf_changed":false,"_seopress_robots_primary_cat":"none","_seopress_titles_title":"","_seopress_titles_desc":"","_seopress_robots_index":"","colormag_page_container_layout":"default_layout","colormag_page_sidebar_layout":"default_layout","footnotes":""},"categories":[1],"tags":[],"class_list":["post-65002","post","type-post","status-publish","format-standard","has-post-thumbnail","hentry","category-destacadas"],"acf":[],"_links":{"self":[{"href":"https:\/\/vocesparalelas.com.ar\/sitio\/wp-json\/wp\/v2\/posts\/65002","targetHints":{"allow":["GET"]}}],"collection":[{"href":"https:\/\/vocesparalelas.com.ar\/sitio\/wp-json\/wp\/v2\/posts"}],"about":[{"href":"https:\/\/vocesparalelas.com.ar\/sitio\/wp-json\/wp\/v2\/types\/post"}],"author":[{"embeddable":true,"href":"https:\/\/vocesparalelas.com.ar\/sitio\/wp-json\/wp\/v2\/users\/3"}],"replies":[{"embeddable":true,"href":"https:\/\/vocesparalelas.com.ar\/sitio\/wp-json\/wp\/v2\/comments?post=65002"}],"version-history":[{"count":1,"href":"https:\/\/vocesparalelas.com.ar\/sitio\/wp-json\/wp\/v2\/posts\/65002\/revisions"}],"predecessor-version":[{"id":65007,"href":"https:\/\/vocesparalelas.com.ar\/sitio\/wp-json\/wp\/v2\/posts\/65002\/revisions\/65007"}],"wp:featuredmedia":[{"embeddable":true,"href":"https:\/\/vocesparalelas.com.ar\/sitio\/wp-json\/wp\/v2\/media\/65006"}],"wp:attachment":[{"href":"https:\/\/vocesparalelas.com.ar\/sitio\/wp-json\/wp\/v2\/media?parent=65002"}],"wp:term":[{"taxonomy":"category","embeddable":true,"href":"https:\/\/vocesparalelas.com.ar\/sitio\/wp-json\/wp\/v2\/categories?post=65002"},{"taxonomy":"post_tag","embeddable":true,"href":"https:\/\/vocesparalelas.com.ar\/sitio\/wp-json\/wp\/v2\/tags?post=65002"}],"curies":[{"name":"wp","href":"https:\/\/api.w.org\/{rel}","templated":true}]}}