{"id":64997,"date":"2023-10-26T18:57:04","date_gmt":"2023-10-26T21:57:04","guid":{"rendered":"https:\/\/vocesparalelas.com.ar\/sitio\/?p=64997"},"modified":"2023-10-28T23:08:51","modified_gmt":"2023-10-29T02:08:51","slug":"ciclo-de-teatro-unipersonal-democracia-siempre-en-san-juan","status":"publish","type":"post","link":"https:\/\/vocesparalelas.com.ar\/sitio\/ciclo-de-teatro-unipersonal-democracia-siempre-en-san-juan\/","title":{"rendered":"Ciclo de Teatro Unipersonal \u201cDemocracia Siempre\u201d en San Juan"},"content":{"rendered":"<div class=\"itemFullText jbintrotext\">\n<p class=\"Default\">En el marco de la conmemoraci\u00f3n por los 40 a\u00f1os ininterrumpidos de democracia en Argentina, la C\u00e1mara de Diputados de San Juan junto al Instituto Nacional del Teatro, llevan a cabo, del 28 de Octubre al 23 de Noviembre, un Ciclo de Teatro Unipersonal que contempla cuatro funciones y un taller de formaci\u00f3n en pr\u00e1cticas performativas bajo el lema \u201cDemocracia Siempre\u201d.<\/p>\n<\/div>\n<div class=\"itemFullText\">\n<p>Cabe destacar que todas las funciones son de acceso libre y gratuito. El taller es gratuito con inscripci\u00f3n previa.<\/p>\n<p class=\"Default\">El objetivo de esta actividad es celebrar y conmemorar los derechos alcanzados en democracia y defenderlos. Adem\u00e1s, busca fortalecer los espacios para la participaci\u00f3n y valorar al teatro como expresi\u00f3n art\u00edstica imprescindible para la mejora de la calidad de vida, el desarrollo social y el enriquecimiento de nuestro acervo cultural.<\/p>\n<p><span style=\"color: #666699;\"><strong>Taller<\/strong><\/span><\/p>\n<ul>\n<li class=\"Default\">\u00a0<strong><span style=\"color: #666699;\">Pr\u00e1cticas performativas contempor\u00e1neas.<\/span><\/strong>Taller intensivo a cargo de Luc\u00eda Nacht.\u00a0S\u00e1bado 28 de octubre &#8211; 17.30 a 20 hs.\u00a0Museo de la Historia Urbana- Sala Oeste.\u00a0Cupos limitados<\/li>\n<\/ul>\n<p class=\"Default\"><strong><span style=\"color: #666699;\">Inscripci\u00f3n previa por mail <\/span><\/strong><\/p>\n<p class=\"Default\"><span id=\"cloak16689\"><a href=\"mailto:sanjuan@inteatro.gob.ar\">sanjuan@inteatro.gob.ar<\/a><\/span><\/p>\n<p class=\"Default\"><strong><span style=\"color: #666699;\">Datos del Mail<\/span><\/strong><\/p>\n<ul>\n<li class=\"Default\">Asunto: Inscripci\u00f3n taller pr\u00e1cticas performativas<\/li>\n<li class=\"Default\">nombre y apellido).<\/li>\n<\/ul>\n<p><span style=\"color: #666699;\"><strong>Programaci\u00f3n<\/strong><\/span><\/p>\n<ul>\n<li class=\"Default\"><span style=\"color: #666699;\"><strong>Gesto pol\u00edtico. <\/strong><\/span>Luc\u00eda Nacht (CABA). Domingo 29 de octubre -19 hs.\u00a0Museo de la Historia Urbana- Sala Oeste<\/li>\n<li class=\"Default\"><span style=\"color: #666699;\"><strong>La lengua de las mariposas.\u00a0<\/strong><\/span>Grupo Malatrama \/ Drama\/Todo P\u00fablico\/ Duraci\u00f3n: 50 min.\u00a0Jueves 9 de noviembre &#8211; 21 hs.\u00a0Auditorio Emar Acosta- Legislatura Provincial<\/li>\n<li class=\"Default\"><span style=\"color: #666699;\"><strong>Marilyn en blanco y negro.\u00a0<\/strong><\/span>Elenco ANDA Teatro \/ Drama\/Adultos\/35 minutos.\u00a0Jueves 16 de noviembre &#8211; 21 hs. Auditorio Emar Acosta- Legislatura Provincial<\/li>\n<li class=\"Default\"><strong style=\"color: #666699;\">Bye pedir perd\u00f3n. <\/strong>Drama mutante \/ J\u00f3venes y adultos\/ 25 minutos. Jueves 23 de noviembre &#8211; 21 hs. Auditorio Emar Acosta- Legislatura Provincial<\/li>\n<\/ul>\n<figure id=\"attachment_37951\" aria-describedby=\"caption-attachment-37951\" style=\"width: 800px\" class=\"wp-caption alignnone\"><img loading=\"lazy\" decoding=\"async\" class=\"size-full wp-image-37951\" src=\"https:\/\/vocesparalelas.com.ar\/sitio\/wp-content\/uploads\/2021\/05\/CAMARA-EDIFICIO.jpg\" alt=\"\" width=\"800\" height=\"515\" srcset=\"https:\/\/vocesparalelas.com.ar\/sitio\/wp-content\/uploads\/2021\/05\/CAMARA-EDIFICIO.jpg 800w, https:\/\/vocesparalelas.com.ar\/sitio\/wp-content\/uploads\/2021\/05\/CAMARA-EDIFICIO-300x193.jpg 300w, https:\/\/vocesparalelas.com.ar\/sitio\/wp-content\/uploads\/2021\/05\/CAMARA-EDIFICIO-768x494.jpg 768w\" sizes=\"auto, (max-width: 800px) 100vw, 800px\" \/><figcaption id=\"caption-attachment-37951\" class=\"wp-caption-text\">Legislatura Provincial de San Juan, Rep\u00fablica Argentina<\/figcaption><\/figure>\n<\/div>\n<p>&nbsp;<\/p>\n<p>&nbsp;<\/p>\n","protected":false},"excerpt":{"rendered":"<p>En el marco de la conmemoraci\u00f3n por los 40 a\u00f1os ininterrumpidos de democracia en Argentina, la C\u00e1mara de Diputados de<\/p>\n","protected":false},"author":3,"featured_media":65000,"comment_status":"closed","ping_status":"closed","sticky":false,"template":"","format":"standard","meta":{"_acf_changed":false,"_seopress_robots_primary_cat":"none","_seopress_titles_title":"","_seopress_titles_desc":"","_seopress_robots_index":"","colormag_page_container_layout":"default_layout","colormag_page_sidebar_layout":"default_layout","footnotes":""},"categories":[20],"tags":[],"class_list":["post-64997","post","type-post","status-publish","format-standard","has-post-thumbnail","hentry","category-cartelera"],"acf":[],"_links":{"self":[{"href":"https:\/\/vocesparalelas.com.ar\/sitio\/wp-json\/wp\/v2\/posts\/64997","targetHints":{"allow":["GET"]}}],"collection":[{"href":"https:\/\/vocesparalelas.com.ar\/sitio\/wp-json\/wp\/v2\/posts"}],"about":[{"href":"https:\/\/vocesparalelas.com.ar\/sitio\/wp-json\/wp\/v2\/types\/post"}],"author":[{"embeddable":true,"href":"https:\/\/vocesparalelas.com.ar\/sitio\/wp-json\/wp\/v2\/users\/3"}],"replies":[{"embeddable":true,"href":"https:\/\/vocesparalelas.com.ar\/sitio\/wp-json\/wp\/v2\/comments?post=64997"}],"version-history":[{"count":1,"href":"https:\/\/vocesparalelas.com.ar\/sitio\/wp-json\/wp\/v2\/posts\/64997\/revisions"}],"predecessor-version":[{"id":65001,"href":"https:\/\/vocesparalelas.com.ar\/sitio\/wp-json\/wp\/v2\/posts\/64997\/revisions\/65001"}],"wp:featuredmedia":[{"embeddable":true,"href":"https:\/\/vocesparalelas.com.ar\/sitio\/wp-json\/wp\/v2\/media\/65000"}],"wp:attachment":[{"href":"https:\/\/vocesparalelas.com.ar\/sitio\/wp-json\/wp\/v2\/media?parent=64997"}],"wp:term":[{"taxonomy":"category","embeddable":true,"href":"https:\/\/vocesparalelas.com.ar\/sitio\/wp-json\/wp\/v2\/categories?post=64997"},{"taxonomy":"post_tag","embeddable":true,"href":"https:\/\/vocesparalelas.com.ar\/sitio\/wp-json\/wp\/v2\/tags?post=64997"}],"curies":[{"name":"wp","href":"https:\/\/api.w.org\/{rel}","templated":true}]}}