{"id":64993,"date":"2023-10-26T21:33:54","date_gmt":"2023-10-27T00:33:54","guid":{"rendered":"https:\/\/vocesparalelas.com.ar\/sitio\/?p=64993"},"modified":"2023-10-26T21:33:54","modified_gmt":"2023-10-27T00:33:54","slug":"hacia-el-pago-del-sueldo-octubre-2023-al-personal-de-la-unsj","status":"publish","type":"post","link":"https:\/\/vocesparalelas.com.ar\/sitio\/hacia-el-pago-del-sueldo-octubre-2023-al-personal-de-la-unsj\/","title":{"rendered":"Hacia el Pago del sueldo \u00abOctubre 2023\u00bb al personal de la UNSJ"},"content":{"rendered":"<p>El secretario Administrativo Financiero de la UNSJ, Lic. Ricardo Coca, hizo anuncios sobre el cronograma de pagos. En esta oportunidad dijo que el 30 \u00f3 31 de Octubre, se deposita el sueldo de \u00abOctubre 2023\u00bb a los trabajadores docentes y nodocentes de la UNSJ.<\/p>\n<p>\u201cPosteriormente a la recepci\u00f3n del instructivo de liquidaci\u00f3n se empezaron a realizar todos los procesos destinados a la carga de la informaci\u00f3n, que incluye el 12 por ciento del aumento paritario para toda la masa de trabajadores universitarios y la quita de la retenci\u00f3n del impuesto a las ganancias, en funci\u00f3n del decreto emanado por el Ministro de Econom\u00eda de la Naci\u00f3n, y que luego fuera convalidado por una ley que se va a aplicar a partir del pr\u00f3ximo a\u00f1o\u201d.<\/p>\n<p>Por otro lado, \u00abes falsa una noticia que estaba circulando sobre el pago de un bono. Esta publicaci\u00f3n efectuada en redes pertenece al a\u00f1o pasado, mientras que este a\u00f1o ese bono no se paga porque ya est\u00e1 incorporado en los aumentos paritarios\u201d.<\/p>\n<p><img loading=\"lazy\" decoding=\"async\" class=\"alignnone size-full wp-image-54035\" src=\"https:\/\/vocesparalelas.com.ar\/sitio\/wp-content\/uploads\/2022\/11\/UNSJ-LOGO-10.jpg\" alt=\"\" width=\"800\" height=\"533\" srcset=\"https:\/\/vocesparalelas.com.ar\/sitio\/wp-content\/uploads\/2022\/11\/UNSJ-LOGO-10.jpg 800w, https:\/\/vocesparalelas.com.ar\/sitio\/wp-content\/uploads\/2022\/11\/UNSJ-LOGO-10-300x200.jpg 300w, https:\/\/vocesparalelas.com.ar\/sitio\/wp-content\/uploads\/2022\/11\/UNSJ-LOGO-10-768x512.jpg 768w\" sizes=\"auto, (max-width: 800px) 100vw, 800px\" \/><\/p>\n<p>&nbsp;<\/p>\n<p>&nbsp;<\/p>\n","protected":false},"excerpt":{"rendered":"<p>El secretario Administrativo Financiero de la UNSJ, Lic. Ricardo Coca, hizo anuncios sobre el cronograma de pagos. En esta oportunidad<\/p>\n","protected":false},"author":3,"featured_media":54097,"comment_status":"closed","ping_status":"closed","sticky":false,"template":"","format":"standard","meta":{"_acf_changed":false,"_seopress_robots_primary_cat":"none","_seopress_titles_title":"","_seopress_titles_desc":"","_seopress_robots_index":"","colormag_page_container_layout":"default_layout","colormag_page_sidebar_layout":"default_layout","footnotes":""},"categories":[1],"tags":[],"class_list":["post-64993","post","type-post","status-publish","format-standard","has-post-thumbnail","hentry","category-destacadas"],"acf":[],"_links":{"self":[{"href":"https:\/\/vocesparalelas.com.ar\/sitio\/wp-json\/wp\/v2\/posts\/64993","targetHints":{"allow":["GET"]}}],"collection":[{"href":"https:\/\/vocesparalelas.com.ar\/sitio\/wp-json\/wp\/v2\/posts"}],"about":[{"href":"https:\/\/vocesparalelas.com.ar\/sitio\/wp-json\/wp\/v2\/types\/post"}],"author":[{"embeddable":true,"href":"https:\/\/vocesparalelas.com.ar\/sitio\/wp-json\/wp\/v2\/users\/3"}],"replies":[{"embeddable":true,"href":"https:\/\/vocesparalelas.com.ar\/sitio\/wp-json\/wp\/v2\/comments?post=64993"}],"version-history":[{"count":1,"href":"https:\/\/vocesparalelas.com.ar\/sitio\/wp-json\/wp\/v2\/posts\/64993\/revisions"}],"predecessor-version":[{"id":64996,"href":"https:\/\/vocesparalelas.com.ar\/sitio\/wp-json\/wp\/v2\/posts\/64993\/revisions\/64996"}],"wp:featuredmedia":[{"embeddable":true,"href":"https:\/\/vocesparalelas.com.ar\/sitio\/wp-json\/wp\/v2\/media\/54097"}],"wp:attachment":[{"href":"https:\/\/vocesparalelas.com.ar\/sitio\/wp-json\/wp\/v2\/media?parent=64993"}],"wp:term":[{"taxonomy":"category","embeddable":true,"href":"https:\/\/vocesparalelas.com.ar\/sitio\/wp-json\/wp\/v2\/categories?post=64993"},{"taxonomy":"post_tag","embeddable":true,"href":"https:\/\/vocesparalelas.com.ar\/sitio\/wp-json\/wp\/v2\/tags?post=64993"}],"curies":[{"name":"wp","href":"https:\/\/api.w.org\/{rel}","templated":true}]}}