{"id":64983,"date":"2023-10-25T21:27:41","date_gmt":"2023-10-26T00:27:41","guid":{"rendered":"https:\/\/vocesparalelas.com.ar\/sitio\/?p=64983"},"modified":"2023-10-27T01:17:04","modified_gmt":"2023-10-27T04:17:04","slug":"agenda-cultural-de-san-juan-7","status":"publish","type":"post","link":"https:\/\/vocesparalelas.com.ar\/sitio\/agenda-cultural-de-san-juan-7\/","title":{"rendered":"Agenda Cultural de San Juan"},"content":{"rendered":"<p>El Ministerio de Turismo y Cultura del Gobierno de San Juan ofrece una variedad de eventos culturales y de entretenimiento para todos los gustos. Desde m\u00fasica en vivo hasta una feria multicolor.<\/p>\n<p>La agenda comienza el 25 de octubre con el 1\u00b0Festival Internacional de M\u00fasica: Grupo Percusi\u00f3n Valpara\u00edso. El evento musical se realiza en el Auditorio Juan Victoria, desde las 21 horas. La entrada es libre y gratuita, para que todos puedan disfrutar de este gran encuentro.<\/p>\n<p>En el mismo espacio,\u00a0\u201cEntre cuerdas y voces\u201d, deleita al p\u00fablico el 26 de octubre. Act\u00faan las Solistas de los Andes y el Coro Universitario de la Universidad Nacional de San Juan. Para este destacado evento se requiere una contribuci\u00f3n de $2000.<\/p>\n<p>Adem\u00e1s, una experiencia escalofriante que te deja sin aliento en el \u201cLaberinto del Terror\u201d. El 27, 28 y 29 de Octubre, el Centro Cultural Conte Grand se llena de misterio y diversi\u00f3n de 18 a 22 hs. Las entradas est\u00e1n a la venta en la puerta, por un valor de $1500.<\/p>\n<p>Por otro lado, el legendario grupo\u00a0Vilma Palma e Vampiros est\u00e1 en el Teatro Sarmiento a las 22 horas, el 28 de octubre. Es una noche inolvidable llena de m\u00fasica y energ\u00eda con los cl\u00e1sicos de la banda liderada por Mario \u00abP\u00e1jaro\u00bb G\u00f3mez.<\/p>\n<p>Y el Teatro Sarmiento no para, el\u00a0Rey Pelusa\u00a0viene a San Juan a celebrar su aniversario con la m\u00fasica, este 29 de octubre. El show forma parte de una gira nacional, visitando diferentes provincias de Argentina, brindando un espect\u00e1culo con un recorrido musical por toda su carrera. Las entradas pueden adquirirse a trav\u00e9s de TuEntrada.com.<\/p>\n<p>El fin de semana cierra con una gran \u201cFeria Multicolor\u201d, en el Chalet Cantoni de 17:00 a 22:00. Habr\u00e1 m\u00e1s de 40 emprendedores, con show en vivo, sorteos, m\u00fasica de DJ&#8217;s, delicias gastron\u00f3micas, sorpresas y un ambiente amigable para las mascotas. Esta feria tiene como objetivo recaudar fondos para la Semana de la Diversidad 2023.<\/p>\n<p>Otras de las propuestas para tener en cuenta son visitas guiadas para que sanjuaninos y turistas disfruten del\u00a0Teatro del Bicentenario\u00a0y el\u00a0Museo Franklin Rawson. En el TB, para esta actividad se requiere reserva al 4276438 (Interno 134) o a trav\u00e9s de TuEntrada.com. En tanto, el Museo puede recorrerse de martes a domingo, de 12 a 20 hs. La entrada general es de $200, jubilados y estudiantes $100, menores de 12 gratis. Domingo gratis.<\/p>\n<p>El Ministerio de Turismo y Cultura te invita a disfrutar de un emocionante fin de semana lleno de m\u00fasica, diversi\u00f3n y celebraciones especiales.<\/p>\n<p>&nbsp;<\/p>\n<p>&nbsp;<\/p>\n","protected":false},"excerpt":{"rendered":"<p>El Ministerio de Turismo y Cultura del Gobierno de San Juan ofrece una variedad de eventos culturales y de entretenimiento<\/p>\n","protected":false},"author":3,"featured_media":25833,"comment_status":"closed","ping_status":"closed","sticky":false,"template":"","format":"standard","meta":{"_acf_changed":false,"_seopress_robots_primary_cat":"none","_seopress_titles_title":"","_seopress_titles_desc":"","_seopress_robots_index":"","colormag_page_container_layout":"default_layout","colormag_page_sidebar_layout":"default_layout","footnotes":""},"categories":[20],"tags":[],"class_list":["post-64983","post","type-post","status-publish","format-standard","has-post-thumbnail","hentry","category-cartelera"],"acf":[],"_links":{"self":[{"href":"https:\/\/vocesparalelas.com.ar\/sitio\/wp-json\/wp\/v2\/posts\/64983","targetHints":{"allow":["GET"]}}],"collection":[{"href":"https:\/\/vocesparalelas.com.ar\/sitio\/wp-json\/wp\/v2\/posts"}],"about":[{"href":"https:\/\/vocesparalelas.com.ar\/sitio\/wp-json\/wp\/v2\/types\/post"}],"author":[{"embeddable":true,"href":"https:\/\/vocesparalelas.com.ar\/sitio\/wp-json\/wp\/v2\/users\/3"}],"replies":[{"embeddable":true,"href":"https:\/\/vocesparalelas.com.ar\/sitio\/wp-json\/wp\/v2\/comments?post=64983"}],"version-history":[{"count":1,"href":"https:\/\/vocesparalelas.com.ar\/sitio\/wp-json\/wp\/v2\/posts\/64983\/revisions"}],"predecessor-version":[{"id":64986,"href":"https:\/\/vocesparalelas.com.ar\/sitio\/wp-json\/wp\/v2\/posts\/64983\/revisions\/64986"}],"wp:featuredmedia":[{"embeddable":true,"href":"https:\/\/vocesparalelas.com.ar\/sitio\/wp-json\/wp\/v2\/media\/25833"}],"wp:attachment":[{"href":"https:\/\/vocesparalelas.com.ar\/sitio\/wp-json\/wp\/v2\/media?parent=64983"}],"wp:term":[{"taxonomy":"category","embeddable":true,"href":"https:\/\/vocesparalelas.com.ar\/sitio\/wp-json\/wp\/v2\/categories?post=64983"},{"taxonomy":"post_tag","embeddable":true,"href":"https:\/\/vocesparalelas.com.ar\/sitio\/wp-json\/wp\/v2\/tags?post=64983"}],"curies":[{"name":"wp","href":"https:\/\/api.w.org\/{rel}","templated":true}]}}