{"id":64979,"date":"2023-10-25T22:14:37","date_gmt":"2023-10-26T01:14:37","guid":{"rendered":"https:\/\/vocesparalelas.com.ar\/sitio\/?p=64979"},"modified":"2023-10-26T01:14:57","modified_gmt":"2023-10-26T04:14:57","slug":"se-conocio-el-escrutinio-definitivo-para-senadores-diputados-nacionales-y-parlasur-por-san-juan","status":"publish","type":"post","link":"https:\/\/vocesparalelas.com.ar\/sitio\/se-conocio-el-escrutinio-definitivo-para-senadores-diputados-nacionales-y-parlasur-por-san-juan\/","title":{"rendered":"Se conoci\u00f3 el escrutinio definitivo para Senadores, Diputados Nacionales y Parlasur por San Juan"},"content":{"rendered":"<p>Tal como lo manifest\u00f3 en Conferencia de Prensa, el Domingo, 22 de Octubre, en casa de Gobierno, el Gobernador y\u00a0 Senador Nacional Electo por San Juan por Uni\u00f3n por la Patria, Dr. Sergio U\u00f1ac y al conocer el escrutinio definitivo se aclar\u00f3 los resultados provisorios de las elecciones 2023.<\/p>\n<p>De esta manera, el Frente Uni\u00f3n por la Patria San Juan logr\u00f3<\/p>\n<p><img loading=\"lazy\" decoding=\"async\" class=\"alignnone size-full wp-image-64975\" src=\"https:\/\/vocesparalelas.com.ar\/sitio\/wp-content\/uploads\/2023\/10\/UNAC-NACIONAL-01.jpg\" alt=\"\" width=\"800\" height=\"449\" srcset=\"https:\/\/vocesparalelas.com.ar\/sitio\/wp-content\/uploads\/2023\/10\/UNAC-NACIONAL-01.jpg 800w, https:\/\/vocesparalelas.com.ar\/sitio\/wp-content\/uploads\/2023\/10\/UNAC-NACIONAL-01-300x168.jpg 300w, https:\/\/vocesparalelas.com.ar\/sitio\/wp-content\/uploads\/2023\/10\/UNAC-NACIONAL-01-768x431.jpg 768w\" sizes=\"auto, (max-width: 800px) 100vw, 800px\" \/><\/p>\n<ul>\n<li>Senador Nacional: 2 bancas con Sergio U\u00f1ac y Celeste Gim\u00e9nez<\/li>\n<li>Diputado Nacional: 1 banca con Jorge Chica<\/li>\n<li>PARLASUR: 1 banca con Mat\u00edas Sotomayor<\/li>\n<\/ul>\n<p><strong><span style=\"color: #3366ff;\">San Juan presenta en el Orden Nacional<\/span><\/strong><\/p>\n<p><strong><span style=\"color: #3366ff;\">Senadores Nacionales por San Juan<\/span><\/strong><\/p>\n<ul>\n<li>Sergio U\u00f1ac por frente Uni\u00f3n por la Patria<\/li>\n<li>Celeste Gim\u00e9nez por frente Uni\u00f3n por la Patria<\/li>\n<li>Bruno Olivera por Libertad Avanza<\/li>\n<\/ul>\n<p><strong><span style=\"color: #3366ff;\">Diputados Nacionales por San Juan<\/span><\/strong><\/p>\n<ul>\n<li>Jorge Chica por frente Uni\u00f3n por la Patria<\/li>\n<li>Jos\u00e9 Peluc por Libertad Avanza<\/li>\n<li>Nancy Pic\u00f3n por Juntos por el Cambio<\/li>\n<\/ul>\n<p><strong><span style=\"color: #3366ff;\">Parlasur por San Juan<\/span><\/strong><\/p>\n<ul>\n<li>Mat\u00edas Sotomayor por frente Uni\u00f3n por la Patria<\/li>\n<\/ul>\n<p><span style=\"color: #3366ff;\"><strong>Escrutinio definitivo de San Juan Elecciones 2023<\/strong><\/span><\/p>\n<p><span style=\"color: #3366ff;\"><strong>Senador Nacional<\/strong><\/span><\/p>\n<ul>\n<li>Uni\u00f3n por la Patria: 155.090 votos<\/li>\n<li>Libertad Avanza: 153.844 votos<\/li>\n<li>Juntos por el Cambio: 113.382 votos<\/li>\n<\/ul>\n<p><span style=\"color: #3366ff;\"><strong>Diputado Nacional<\/strong><\/span><\/p>\n<ul>\n<li>Uni\u00f3n por la Patria: 154.614 votos<\/li>\n<li>Libertad Avanza: 153.455 votos<\/li>\n<li>Juntos por el Cambio: 113.505 votos<\/li>\n<\/ul>\n<p><span style=\"color: #3366ff;\"><strong>Parlasur<\/strong><\/span><\/p>\n<ul>\n<li>Uni\u00f3n por la Patria: 153.807 votos<\/li>\n<li>Libertad Avanza: 153.383 votos<\/li>\n<li>Juntos por el Cambio: 112.960 votos<\/li>\n<\/ul>\n<p><span style=\"color: #3366ff;\"><strong>Presidente<\/strong><\/span><\/p>\n<ul>\n<li>Libertad Avanza: 163.950 votos<\/li>\n<li>Uni\u00f3n por la Patria: 155.619 votos<\/li>\n<li>Juntos por el Cambio: 108.443 votos<\/li>\n<\/ul>\n<p>&nbsp;<\/p>\n<p>&nbsp;<\/p>\n","protected":false},"excerpt":{"rendered":"<p>Tal como lo manifest\u00f3 en Conferencia de Prensa, el Domingo, 22 de Octubre, en casa de Gobierno, el Gobernador y\u00a0<\/p>\n","protected":false},"author":3,"featured_media":64833,"comment_status":"closed","ping_status":"closed","sticky":false,"template":"","format":"standard","meta":{"_acf_changed":false,"_seopress_robots_primary_cat":"none","_seopress_titles_title":"","_seopress_titles_desc":"","_seopress_robots_index":"","colormag_page_container_layout":"default_layout","colormag_page_sidebar_layout":"default_layout","footnotes":""},"categories":[1],"tags":[],"class_list":["post-64979","post","type-post","status-publish","format-standard","has-post-thumbnail","hentry","category-destacadas"],"acf":[],"_links":{"self":[{"href":"https:\/\/vocesparalelas.com.ar\/sitio\/wp-json\/wp\/v2\/posts\/64979","targetHints":{"allow":["GET"]}}],"collection":[{"href":"https:\/\/vocesparalelas.com.ar\/sitio\/wp-json\/wp\/v2\/posts"}],"about":[{"href":"https:\/\/vocesparalelas.com.ar\/sitio\/wp-json\/wp\/v2\/types\/post"}],"author":[{"embeddable":true,"href":"https:\/\/vocesparalelas.com.ar\/sitio\/wp-json\/wp\/v2\/users\/3"}],"replies":[{"embeddable":true,"href":"https:\/\/vocesparalelas.com.ar\/sitio\/wp-json\/wp\/v2\/comments?post=64979"}],"version-history":[{"count":1,"href":"https:\/\/vocesparalelas.com.ar\/sitio\/wp-json\/wp\/v2\/posts\/64979\/revisions"}],"predecessor-version":[{"id":64982,"href":"https:\/\/vocesparalelas.com.ar\/sitio\/wp-json\/wp\/v2\/posts\/64979\/revisions\/64982"}],"wp:featuredmedia":[{"embeddable":true,"href":"https:\/\/vocesparalelas.com.ar\/sitio\/wp-json\/wp\/v2\/media\/64833"}],"wp:attachment":[{"href":"https:\/\/vocesparalelas.com.ar\/sitio\/wp-json\/wp\/v2\/media?parent=64979"}],"wp:term":[{"taxonomy":"category","embeddable":true,"href":"https:\/\/vocesparalelas.com.ar\/sitio\/wp-json\/wp\/v2\/categories?post=64979"},{"taxonomy":"post_tag","embeddable":true,"href":"https:\/\/vocesparalelas.com.ar\/sitio\/wp-json\/wp\/v2\/tags?post=64979"}],"curies":[{"name":"wp","href":"https:\/\/api.w.org\/{rel}","templated":true}]}}