{"id":64970,"date":"2023-10-25T23:38:24","date_gmt":"2023-10-26T02:38:24","guid":{"rendered":"https:\/\/vocesparalelas.com.ar\/sitio\/?p=64970"},"modified":"2023-10-27T01:18:48","modified_gmt":"2023-10-27T04:18:48","slug":"que-decida-la-gente-de-san-juan","status":"publish","type":"post","link":"https:\/\/vocesparalelas.com.ar\/sitio\/que-decida-la-gente-de-san-juan\/","title":{"rendered":"Que decida la gente de San Juan"},"content":{"rendered":"<p>El espacio pol\u00edtico Cambia San Juan emiti\u00f3 un comunicado frente al ballotage para elegir Presidente de la Naci\u00f3n el pr\u00f3ximo 19 de Noviembre.<\/p>\n<p>\u00abLos partidos pol\u00edticos que conformamos Juntos por Cambio distrito San Juan manifestamos, en vistas al ballotage para elegir Presidente de la Naci\u00f3n el pr\u00f3ximo 19 de Noviembre, que corresponde dejar en manos de cada ciudadano de la provincia y del pa\u00eds la libre y responsable decisi\u00f3n de a qui\u00e9n votar para presidir la Naci\u00f3n durante los pr\u00f3ximos 4 a\u00f1os. El pueblo es soberano, y confiamos en que tomar\u00e1 la decisi\u00f3n correcta, con total libertad, pensando en su futuro y en el de sus seres queridos.<\/p>\n<p>El gobernador, el vicegobernador, los intendentes y legisladores electos de nuestro espacio pol\u00edtico vamos a trabajar con quien resulte electo Presidente de los argentinos, poniendo siempre como prioridad los intereses de San Juan, para desarrollar y hacer crecer la provincia. Lo haremos con la misma responsabilidad de siempre, la institucionalidad y el trabajo conjunto en el que creemos.<\/p>\n<p>Vamos a seguir defendiendo nuestros valores: la rep\u00fablica, la democracia, la libertad, el federalismo y el trabajo digno de cada ciudadano y ciudadana de nuestro pueblo. Desde esos valores, tomaremos siempre nuestras decisiones.<\/p>\n<p>Por una Argentina en paz y en desarrollo, por un San Juan en constante crecimiento y en un momento fundamental para el futuro de nuestro Pa\u00eds, recordamos las palabras de \u00abinvocamos la protecci\u00f3n de Dios, fuente de toda raz\u00f3n y justicia\u00bb.<\/p>\n<p>Los padres de nuestra constituci\u00f3n nacional, Marcelo Orrego (Gob. electo de la provincia), Fabi\u00e1n Martin (Vice Gob. electo), Eduardo Castro (UCR), Enzo Cornejo (PRO), Gustavo Usin y Rodolfo Colombo (Actuar), Gustavo Fern\u00e1ndez (Dignidad Ciudadana). Susana Laciar (intendenta electa de la Ciudad de San Juan), Juan Jos\u00e9 Orrego (intendente reelecto de Santa Luc\u00eda), Sergio Miodowsky (intendente electo de Rivadavia), Alfredo Castro (intendente electo de Sarmiento), y las dem\u00e1s agrupaciones pol\u00edticas que conforman el espacio<\/p>\n<p>&nbsp;<\/p>\n<p style=\"text-align: right;\">CAMBIA SAN JUAN<\/p>\n<p style=\"text-align: right;\">Juntos por el CAMBIO<\/p>\n","protected":false},"excerpt":{"rendered":"<p>El espacio pol\u00edtico Cambia San Juan emiti\u00f3 un comunicado frente al ballotage para elegir Presidente de la Naci\u00f3n el pr\u00f3ximo<\/p>\n","protected":false},"author":3,"featured_media":60442,"comment_status":"closed","ping_status":"closed","sticky":false,"template":"","format":"standard","meta":{"_acf_changed":false,"_seopress_robots_primary_cat":"none","_seopress_titles_title":"","_seopress_titles_desc":"","_seopress_robots_index":"","colormag_page_container_layout":"default_layout","colormag_page_sidebar_layout":"default_layout","footnotes":""},"categories":[10],"tags":[],"class_list":["post-64970","post","type-post","status-publish","format-standard","has-post-thumbnail","hentry","category-opiniones"],"acf":[],"_links":{"self":[{"href":"https:\/\/vocesparalelas.com.ar\/sitio\/wp-json\/wp\/v2\/posts\/64970","targetHints":{"allow":["GET"]}}],"collection":[{"href":"https:\/\/vocesparalelas.com.ar\/sitio\/wp-json\/wp\/v2\/posts"}],"about":[{"href":"https:\/\/vocesparalelas.com.ar\/sitio\/wp-json\/wp\/v2\/types\/post"}],"author":[{"embeddable":true,"href":"https:\/\/vocesparalelas.com.ar\/sitio\/wp-json\/wp\/v2\/users\/3"}],"replies":[{"embeddable":true,"href":"https:\/\/vocesparalelas.com.ar\/sitio\/wp-json\/wp\/v2\/comments?post=64970"}],"version-history":[{"count":3,"href":"https:\/\/vocesparalelas.com.ar\/sitio\/wp-json\/wp\/v2\/posts\/64970\/revisions"}],"predecessor-version":[{"id":64978,"href":"https:\/\/vocesparalelas.com.ar\/sitio\/wp-json\/wp\/v2\/posts\/64970\/revisions\/64978"}],"wp:featuredmedia":[{"embeddable":true,"href":"https:\/\/vocesparalelas.com.ar\/sitio\/wp-json\/wp\/v2\/media\/60442"}],"wp:attachment":[{"href":"https:\/\/vocesparalelas.com.ar\/sitio\/wp-json\/wp\/v2\/media?parent=64970"}],"wp:term":[{"taxonomy":"category","embeddable":true,"href":"https:\/\/vocesparalelas.com.ar\/sitio\/wp-json\/wp\/v2\/categories?post=64970"},{"taxonomy":"post_tag","embeddable":true,"href":"https:\/\/vocesparalelas.com.ar\/sitio\/wp-json\/wp\/v2\/tags?post=64970"}],"curies":[{"name":"wp","href":"https:\/\/api.w.org\/{rel}","templated":true}]}}