{"id":64965,"date":"2023-10-25T23:01:04","date_gmt":"2023-10-26T02:01:04","guid":{"rendered":"https:\/\/vocesparalelas.com.ar\/sitio\/?p=64965"},"modified":"2023-10-27T01:16:39","modified_gmt":"2023-10-27T04:16:39","slug":"llamado-a-concursos-docentes-dayu-en-la-faud-de-la-unsj","status":"publish","type":"post","link":"https:\/\/vocesparalelas.com.ar\/sitio\/llamado-a-concursos-docentes-dayu-en-la-faud-de-la-unsj\/","title":{"rendered":"Llamado a Concursos Docentes DAyU en la FAUD de la UNSJ"},"content":{"rendered":"<p>La Facultad de Arquitectura, Urbanismo y Dise\u00f1o de la Universidad Nacional de San Juan por Ordenanza 24\/90-CS, llama a concurso para cubrir cargos docentes.<\/p>\n<p><span style=\"color: #339966;\"><strong>Departamento Arquitectura y Urbanismo<\/strong><\/span><\/p>\n<p><span style=\"color: #339966;\"><strong>Expediente N\u00ba 11-1952-D\/2023.\u00a0<\/strong><strong>Resoluci\u00f3n N\u00ba 1269- FAUD\/2023<\/strong><\/span><\/p>\n<ul>\n<li>Un cargo de Profesor Auxiliar de Primera Categor\u00eda, Dedicaci\u00f3n Simple (10 Hs), Car\u00e1cter Efectivo, C\u00f3digo 23002\/1. Para cumplir funciones Docentes en el \u00c1rea\u00a0<em>Morfolog\u00eda<\/em>, con selecci\u00f3n de temas para la asignatura\u00a0<strong>PROGRAMACI\u00d3N VISUAL DE ESPACIOS VERDES,<\/strong>\u00a0perteneciente a la carrera Arquitectura y Urbanismo<\/li>\n<\/ul>\n<p><span style=\"color: #339966;\"><strong>Expediente N\u00ba 11-1953-D\/2023. Resoluci\u00f3n N\u00ba 1270- FAUD\/2023<\/strong><\/span><\/p>\n<ul>\n<li>Un cargo de Profesor Jefe de Trabajos Pr\u00e1cticos, Dedicaci\u00f3n Simple (10 hs.), Car\u00e1cter Efectivo, C\u00f3digo 22395\/1. Para cumplir funciones Docentes en el \u00c1rea\u00a0<em>Ciencias B\u00e1sicas, Tecnol\u00f3gicas, Producci\u00f3n y Gesti\u00f3n<\/em>, con selecci\u00f3n de temas para la asignatura\u00a0<strong>FISICA APLICADA A LA ARQUITECTURA,<\/strong>\u00a0perteneciente a la carrera Arquitectura y Urbanismo.<\/li>\n<\/ul>\n<p><span style=\"color: #339966;\"><strong>Expediente N\u00ba 11-1881-D\/2023. Resoluci\u00f3n N\u00ba 1266- FAUD\/2023<\/strong><\/span><\/p>\n<ul>\n<li>Un cargo de Profesor Jefe de Trabajos Pr\u00e1cticos, Dedicaci\u00f3n Semiexclusiva (20 hs), Car\u00e1cter Efectivo, C\u00f3digo 4869\/2. Para cumplir funciones Docentes en el \u00c1rea\u00a0<em>Ciencias B\u00e1sicas, Tecnol\u00f3gicas, Producci\u00f3n y Gesti\u00f3n<\/em>, con selecci\u00f3n de temas para la asignatura\u00a0<strong>ESTRUCTURAS I,<\/strong>\u00a0perteneciente a la Carrera Arquitectura y Urbanismo<\/li>\n<\/ul>\n<p><span style=\"color: #339966;\"><strong>Expediente N\u00ba 11-1888-D\/2023. Resoluci\u00f3n N\u00ba 1267- FAUD\/2023<\/strong><\/span><\/p>\n<ul>\n<li>Un cargo de Profesor Jefe de Trabajos Pr\u00e1cticos, Dedicaci\u00f3n Simple (10 hs.), Car\u00e1cter Efectivo, C\u00f3digo 3099\/1. Para cumplir funciones Docentes en el \u00c1rea\u00a0<em>Morfolog\u00eda<\/em>, con selecci\u00f3n de temas para la Asignatura\u00a0<strong>MORFOLOG\u00cdA II,<\/strong>\u00a0perteneciente a la carrera Arquitectura y Urbanismo.<\/li>\n<\/ul>\n<p><strong>INSCRIPCIONES<\/strong> se reciben para los cuatro cargos desde las <strong>08 horas del 31 de octubre de 2023 hasta las 12 horas del 06 de noviembre de 2023.<\/strong><\/p>\n<hr \/>\n<p>&nbsp;<\/p>\n<p><span style=\"color: #339966;\"><strong>Expediente N\u00ba 11-1902-D\/2023. Resoluci\u00f3n N\u00ba 1268- FAUD\/2023<\/strong><\/span><\/p>\n<ul>\n<li>Un cargo de Profesor Adjunto, Dedicaci\u00f3n Semiexclusiva (20 hs.), Car\u00e1cter Efectivo, C\u00f3digo 04302\/2. Para cumplir funciones Docentes en el \u00c1rea\u00a0<em>Morfolog\u00eda<\/em>, con selecci\u00f3n de temas para la asignatura\u00a0<strong>DIBUJO ARQUITECTONICO,<\/strong>\u00a0perteneciente a la carrera Arquitectura y Urbanismo.<\/li>\n<\/ul>\n<p><strong>INSCRIPCIONES<\/strong> se reciben para \u00e9ste cargo desde las <strong>08 horas del<\/strong>\u00a0<strong>31 de octubre de 2023 hasta las 12 horas del 14 de noviembre de 2023<\/strong>.<\/p>\n<hr \/>\n<p>Las inscripciones se reciben en las fechas indicadas de lunes a viernes en horario de 8 a 12 horas, en Mesa de Entradas y Salidas de la Facultad de Arquitectura, Urbanismo y Dise\u00f1o de la Universidad Nacional de San Juan. Av. Ignacio de la Roza y Meglioli. Campo Universitario Islas Malvinas, Departamento Rivadavia Provincia San Juan Rep\u00fablica Argentina.<\/p>\n<p>&nbsp;<\/p>\n<figure id=\"attachment_59382\" aria-describedby=\"caption-attachment-59382\" style=\"width: 800px\" class=\"wp-caption alignnone\"><img loading=\"lazy\" decoding=\"async\" class=\"size-full wp-image-59382\" src=\"https:\/\/vocesparalelas.com.ar\/sitio\/wp-content\/uploads\/2023\/05\/FAUD-EDIFICIO-01.jpg\" alt=\"\" width=\"800\" height=\"600\" srcset=\"https:\/\/vocesparalelas.com.ar\/sitio\/wp-content\/uploads\/2023\/05\/FAUD-EDIFICIO-01.jpg 800w, https:\/\/vocesparalelas.com.ar\/sitio\/wp-content\/uploads\/2023\/05\/FAUD-EDIFICIO-01-300x225.jpg 300w, https:\/\/vocesparalelas.com.ar\/sitio\/wp-content\/uploads\/2023\/05\/FAUD-EDIFICIO-01-768x576.jpg 768w\" sizes=\"auto, (max-width: 800px) 100vw, 800px\" \/><figcaption id=\"caption-attachment-59382\" class=\"wp-caption-text\">Facultad de Arquitectura, Urbanismo y Dise\u00f1o de la Universidad Nacional de San Juan, Rep\u00fablica Argentina<\/figcaption><\/figure>\n<p>&nbsp;<\/p>\n<p>&nbsp;<\/p>\n","protected":false},"excerpt":{"rendered":"<p>La Facultad de Arquitectura, Urbanismo y Dise\u00f1o de la Universidad Nacional de San Juan por Ordenanza 24\/90-CS, llama a concurso<\/p>\n","protected":false},"author":3,"featured_media":64968,"comment_status":"closed","ping_status":"closed","sticky":false,"template":"","format":"standard","meta":{"_acf_changed":false,"_seopress_robots_primary_cat":"none","_seopress_titles_title":"","_seopress_titles_desc":"","_seopress_robots_index":"","colormag_page_container_layout":"default_layout","colormag_page_sidebar_layout":"default_layout","footnotes":""},"categories":[8],"tags":[],"class_list":["post-64965","post","type-post","status-publish","format-standard","has-post-thumbnail","hentry","category-concursos"],"acf":[],"_links":{"self":[{"href":"https:\/\/vocesparalelas.com.ar\/sitio\/wp-json\/wp\/v2\/posts\/64965","targetHints":{"allow":["GET"]}}],"collection":[{"href":"https:\/\/vocesparalelas.com.ar\/sitio\/wp-json\/wp\/v2\/posts"}],"about":[{"href":"https:\/\/vocesparalelas.com.ar\/sitio\/wp-json\/wp\/v2\/types\/post"}],"author":[{"embeddable":true,"href":"https:\/\/vocesparalelas.com.ar\/sitio\/wp-json\/wp\/v2\/users\/3"}],"replies":[{"embeddable":true,"href":"https:\/\/vocesparalelas.com.ar\/sitio\/wp-json\/wp\/v2\/comments?post=64965"}],"version-history":[{"count":1,"href":"https:\/\/vocesparalelas.com.ar\/sitio\/wp-json\/wp\/v2\/posts\/64965\/revisions"}],"predecessor-version":[{"id":64969,"href":"https:\/\/vocesparalelas.com.ar\/sitio\/wp-json\/wp\/v2\/posts\/64965\/revisions\/64969"}],"wp:featuredmedia":[{"embeddable":true,"href":"https:\/\/vocesparalelas.com.ar\/sitio\/wp-json\/wp\/v2\/media\/64968"}],"wp:attachment":[{"href":"https:\/\/vocesparalelas.com.ar\/sitio\/wp-json\/wp\/v2\/media?parent=64965"}],"wp:term":[{"taxonomy":"category","embeddable":true,"href":"https:\/\/vocesparalelas.com.ar\/sitio\/wp-json\/wp\/v2\/categories?post=64965"},{"taxonomy":"post_tag","embeddable":true,"href":"https:\/\/vocesparalelas.com.ar\/sitio\/wp-json\/wp\/v2\/tags?post=64965"}],"curies":[{"name":"wp","href":"https:\/\/api.w.org\/{rel}","templated":true}]}}