{"id":64955,"date":"2023-10-25T22:26:10","date_gmt":"2023-10-26T01:26:10","guid":{"rendered":"https:\/\/vocesparalelas.com.ar\/sitio\/?p=64955"},"modified":"2023-10-27T00:30:36","modified_gmt":"2023-10-27T03:30:36","slug":"comunicado-de-la-fi-de-la-unsj-frente-a-declaraciones-sexistas-y-discriminatorias-de-un-dirigente-vinatero-de-la-provincia-de-san-juan","status":"publish","type":"post","link":"https:\/\/vocesparalelas.com.ar\/sitio\/comunicado-de-la-fi-de-la-unsj-frente-a-declaraciones-sexistas-y-discriminatorias-de-un-dirigente-vinatero-de-la-provincia-de-san-juan\/","title":{"rendered":"Comunicado de la FI de la UNSJ frente a declaraciones sexistas y discriminatorias de un dirigente vi\u00f1atero de la provincia de San Juan"},"content":{"rendered":"<p>Las autoridades de la Facultad de Ingenier\u00eda de la Universidad Nacional de San Juan repudian en\u00e9rgicamente los dichos discriminatorios del presidente de la Junta de Riego de Chimbas y de la Federaci\u00f3n de Vi\u00f1ateros, Eduardo Garc\u00e9s, quien expres\u00f3 su deseo que la pr\u00f3xima autoridad del Departamento de Hidr\u00e1ulica de San Juan sea un hombre.<\/p>\n<p>Asimismo, hacen llegar su respaldo y solidaridad hacia la Ingeniera Ana Guadalupe L\u00f3pez, actual Directora del Departamento de Hidr\u00e1ulica y docente de la Facultad de Ingenier\u00eda.<\/p>\n<p>Las declaraciones mencionadas fueron publicadas en medios de comunicaci\u00f3n de la Provincia, hecho que amplifica el alcance del hecho discriminatorio.<\/p>\n<p>Como instituci\u00f3n educativa p\u00fablica responsable de la formaci\u00f3n de profesionales, esta Facultad se siente interpelada, ya que trabaja diariamente para que la condici\u00f3n de g\u00e9nero no sea un impedimento en el desarrollo e inserci\u00f3n laboral de egresados y egresadas.<\/p>\n<p>Por ello, se manifiesta a favor de una Educaci\u00f3n Superior libre de miradas estigmatizantes y\/o discriminatorias sobre determinados colectivos sociales.<\/p>\n<p>En este sentido, renueva el compromiso con la promoci\u00f3n de vocaciones tempranas en el campo de la ciencia y tecnolog\u00eda en ni\u00f1as, ni\u00f1os y adolescentes, con un enfoque que priorice la integridad de todas las personas y su respeto irrestricto.<\/p>\n<p style=\"text-align: right;\">\u00ed-<\/p>\n<p style=\"text-align: right;\">, .<\/p>\n","protected":false},"excerpt":{"rendered":"<p>Las autoridades de la Facultad de Ingenier\u00eda de la Universidad Nacional de San Juan repudian en\u00e9rgicamente los dichos discriminatorios del<\/p>\n","protected":false},"author":3,"featured_media":60280,"comment_status":"closed","ping_status":"closed","sticky":false,"template":"","format":"standard","meta":{"_acf_changed":false,"_seopress_robots_primary_cat":"none","_seopress_titles_title":"","_seopress_titles_desc":"","_seopress_robots_index":"","colormag_page_container_layout":"default_layout","colormag_page_sidebar_layout":"default_layout","footnotes":""},"categories":[10],"tags":[],"class_list":["post-64955","post","type-post","status-publish","format-standard","has-post-thumbnail","hentry","category-opiniones"],"acf":[],"_links":{"self":[{"href":"https:\/\/vocesparalelas.com.ar\/sitio\/wp-json\/wp\/v2\/posts\/64955","targetHints":{"allow":["GET"]}}],"collection":[{"href":"https:\/\/vocesparalelas.com.ar\/sitio\/wp-json\/wp\/v2\/posts"}],"about":[{"href":"https:\/\/vocesparalelas.com.ar\/sitio\/wp-json\/wp\/v2\/types\/post"}],"author":[{"embeddable":true,"href":"https:\/\/vocesparalelas.com.ar\/sitio\/wp-json\/wp\/v2\/users\/3"}],"replies":[{"embeddable":true,"href":"https:\/\/vocesparalelas.com.ar\/sitio\/wp-json\/wp\/v2\/comments?post=64955"}],"version-history":[{"count":2,"href":"https:\/\/vocesparalelas.com.ar\/sitio\/wp-json\/wp\/v2\/posts\/64955\/revisions"}],"predecessor-version":[{"id":65019,"href":"https:\/\/vocesparalelas.com.ar\/sitio\/wp-json\/wp\/v2\/posts\/64955\/revisions\/65019"}],"wp:featuredmedia":[{"embeddable":true,"href":"https:\/\/vocesparalelas.com.ar\/sitio\/wp-json\/wp\/v2\/media\/60280"}],"wp:attachment":[{"href":"https:\/\/vocesparalelas.com.ar\/sitio\/wp-json\/wp\/v2\/media?parent=64955"}],"wp:term":[{"taxonomy":"category","embeddable":true,"href":"https:\/\/vocesparalelas.com.ar\/sitio\/wp-json\/wp\/v2\/categories?post=64955"},{"taxonomy":"post_tag","embeddable":true,"href":"https:\/\/vocesparalelas.com.ar\/sitio\/wp-json\/wp\/v2\/tags?post=64955"}],"curies":[{"name":"wp","href":"https:\/\/api.w.org\/{rel}","templated":true}]}}