{"id":64949,"date":"2023-10-25T22:20:02","date_gmt":"2023-10-26T01:20:02","guid":{"rendered":"https:\/\/vocesparalelas.com.ar\/sitio\/?p=64949"},"modified":"2023-10-27T01:07:04","modified_gmt":"2023-10-27T04:07:04","slug":"comunicado-frente-a-las-declaraciones-discriminatorias-hacia-una-funcionaria-mujer-de-san-juan","status":"publish","type":"post","link":"https:\/\/vocesparalelas.com.ar\/sitio\/comunicado-frente-a-las-declaraciones-discriminatorias-hacia-una-funcionaria-mujer-de-san-juan\/","title":{"rendered":"Comunicado frente a las declaraciones discriminatorias hacia una funcionaria mujer de San Juan"},"content":{"rendered":"<p>La Presidente del Departamento de Hidr\u00e1ulica del Ministerio de Obras y Servicios P\u00fablico del Gobierno de San Juan emiti\u00f3 un comunicado frente a las declaraciones discriminatoria expresada por un Dirigente Vi\u00f1atero de San Juan.<\/p>\n<p>\u00abEn primer lugar, agradezco las muestras de apoyo recibidas ante los comentarios realizados, de p\u00fablico conocimiento.<\/p>\n<p>Hoy mi principal misi\u00f3n es, junto al equipo del Departamento Hidr\u00e1ulica, administrar y gestionar eficientemente el recurso h\u00eddrico provincial, que actualmente atraviesa una profunda sequ\u00eda; funci\u00f3n que me han confiado sin importar mi g\u00e9nero las autoridades gubernamentales y ministeriales.<\/p>\n<p>En este sentido, y en mi car\u00e1cter como directora general del organismo he estado siempre abierta al di\u00e1logo buscando los consensos necesarios para las diversas decisiones que se han tomado.<\/p>\n<p>Una vez m\u00e1s, mi agradecimiento por la preocupaci\u00f3n de colegas, periodistas y ciudadan\u00eda en general.<\/p>\n<p>Continuar\u00e9 trabajando en pos de una eficiente administraci\u00f3n del agua, para el beneficio de la comunidad sanjuanina\u00bb.<\/p>\n<p style=\"text-align: right;\">Saluda atentamente.<\/p>\n<p style=\"text-align: right;\">Ingeniera Guadalupe L\u00f3pez<\/p>\n<p>&nbsp;<\/p>\n<p>&nbsp;<\/p>\n","protected":false},"excerpt":{"rendered":"<p>La Presidente del Departamento de Hidr\u00e1ulica del Ministerio de Obras y Servicios P\u00fablico del Gobierno de San Juan emiti\u00f3 un<\/p>\n","protected":false},"author":3,"featured_media":64952,"comment_status":"closed","ping_status":"closed","sticky":false,"template":"","format":"standard","meta":{"_acf_changed":false,"_seopress_robots_primary_cat":"none","_seopress_titles_title":"","_seopress_titles_desc":"","_seopress_robots_index":"","colormag_page_container_layout":"default_layout","colormag_page_sidebar_layout":"default_layout","footnotes":""},"categories":[10],"tags":[],"class_list":["post-64949","post","type-post","status-publish","format-standard","has-post-thumbnail","hentry","category-opiniones"],"acf":[],"_links":{"self":[{"href":"https:\/\/vocesparalelas.com.ar\/sitio\/wp-json\/wp\/v2\/posts\/64949","targetHints":{"allow":["GET"]}}],"collection":[{"href":"https:\/\/vocesparalelas.com.ar\/sitio\/wp-json\/wp\/v2\/posts"}],"about":[{"href":"https:\/\/vocesparalelas.com.ar\/sitio\/wp-json\/wp\/v2\/types\/post"}],"author":[{"embeddable":true,"href":"https:\/\/vocesparalelas.com.ar\/sitio\/wp-json\/wp\/v2\/users\/3"}],"replies":[{"embeddable":true,"href":"https:\/\/vocesparalelas.com.ar\/sitio\/wp-json\/wp\/v2\/comments?post=64949"}],"version-history":[{"count":4,"href":"https:\/\/vocesparalelas.com.ar\/sitio\/wp-json\/wp\/v2\/posts\/64949\/revisions"}],"predecessor-version":[{"id":64964,"href":"https:\/\/vocesparalelas.com.ar\/sitio\/wp-json\/wp\/v2\/posts\/64949\/revisions\/64964"}],"wp:featuredmedia":[{"embeddable":true,"href":"https:\/\/vocesparalelas.com.ar\/sitio\/wp-json\/wp\/v2\/media\/64952"}],"wp:attachment":[{"href":"https:\/\/vocesparalelas.com.ar\/sitio\/wp-json\/wp\/v2\/media?parent=64949"}],"wp:term":[{"taxonomy":"category","embeddable":true,"href":"https:\/\/vocesparalelas.com.ar\/sitio\/wp-json\/wp\/v2\/categories?post=64949"},{"taxonomy":"post_tag","embeddable":true,"href":"https:\/\/vocesparalelas.com.ar\/sitio\/wp-json\/wp\/v2\/tags?post=64949"}],"curies":[{"name":"wp","href":"https:\/\/api.w.org\/{rel}","templated":true}]}}