{"id":64930,"date":"2023-10-24T22:42:07","date_gmt":"2023-10-25T01:42:07","guid":{"rendered":"https:\/\/vocesparalelas.com.ar\/sitio\/?p=64930"},"modified":"2023-10-27T01:20:26","modified_gmt":"2023-10-27T04:20:26","slug":"comenzo-el-ciclo-nos-une-en-la-faud-de-la-unsj","status":"publish","type":"post","link":"https:\/\/vocesparalelas.com.ar\/sitio\/comenzo-el-ciclo-nos-une-en-la-faud-de-la-unsj\/","title":{"rendered":"Comenz\u00f3 el Ciclo \u00abNos Une\u00bb en la FAUD de la UNSJ"},"content":{"rendered":"<p>En el aula Magna de la Facultad de Arquitectura, Urbanismo y Dise\u00f1o de la Universidad Nacional de San Juan comenz\u00f3 el Ciclo \u201cEl Dise\u00f1o nos Une, festejamos con dise\u00f1o\u201d, donde se reunieron estudiantes de las carreras de grado que se dictan en la Unidad Acad\u00e9mica. Adem\u00e1s, las autoridades acompa\u00f1aron a las visitas invitadas de la Jefa de Gabinete de la Secretaria del Desarrollo Cultural del Ministerio de Cultura de la Naci\u00f3n, Mg. B\u00e1rbara Maier y del Asesor del Ministerio de Cultura de la Naci\u00f3n en temas de videojuegos, Lic. Alejandro Iparraguirre.<\/p>\n<p><img loading=\"lazy\" decoding=\"async\" class=\"alignnone size-full wp-image-64917\" src=\"https:\/\/vocesparalelas.com.ar\/sitio\/wp-content\/uploads\/2023\/10\/FAUD-DISENO-DIA-01.jpg\" alt=\"\" width=\"800\" height=\"533\" srcset=\"https:\/\/vocesparalelas.com.ar\/sitio\/wp-content\/uploads\/2023\/10\/FAUD-DISENO-DIA-01.jpg 800w, https:\/\/vocesparalelas.com.ar\/sitio\/wp-content\/uploads\/2023\/10\/FAUD-DISENO-DIA-01-300x200.jpg 300w, https:\/\/vocesparalelas.com.ar\/sitio\/wp-content\/uploads\/2023\/10\/FAUD-DISENO-DIA-01-768x512.jpg 768w\" sizes=\"auto, (max-width: 800px) 100vw, 800px\" \/><\/p>\n<p><img loading=\"lazy\" decoding=\"async\" class=\"alignnone size-full wp-image-64919\" src=\"https:\/\/vocesparalelas.com.ar\/sitio\/wp-content\/uploads\/2023\/10\/FAUD-DISENO-DIA-03.jpg\" alt=\"\" width=\"800\" height=\"533\" srcset=\"https:\/\/vocesparalelas.com.ar\/sitio\/wp-content\/uploads\/2023\/10\/FAUD-DISENO-DIA-03.jpg 800w, https:\/\/vocesparalelas.com.ar\/sitio\/wp-content\/uploads\/2023\/10\/FAUD-DISENO-DIA-03-300x200.jpg 300w, https:\/\/vocesparalelas.com.ar\/sitio\/wp-content\/uploads\/2023\/10\/FAUD-DISENO-DIA-03-768x512.jpg 768w\" sizes=\"auto, (max-width: 800px) 100vw, 800px\" \/><\/p>\n<p>El Decano de la FAUD de la UNSJ, Arq. Guillermo Velasco, agradeci\u00f3 la gran participaci\u00f3n de los alumnos y la visitas invitadas que van a poner en conocimiento el trabajo que realizan para crear la Diplomatura \u00abProducci\u00f3n de videojuegos\u00bb.<\/p>\n<p><iframe loading=\"lazy\" title=\"FAUD UNSJ DECANO ARQ. GUILLERMO VELASCO\" width=\"800\" height=\"450\" src=\"https:\/\/www.youtube.com\/embed\/o0903DWBez0?feature=oembed\" frameborder=\"0\" allow=\"accelerometer; autoplay; clipboard-write; encrypted-media; gyroscope; picture-in-picture; web-share\" allowfullscreen><\/iframe><\/p>\n<p>Posteriormente, la Jefa de Gabinete de la Secretaria del Desarrollo Cultural del Ministerio de Cultura de la Naci\u00f3n, Mg. B\u00e1rbara Maier, quien remarc\u00f3 que las carreras de las universidades fueron mutando, los intereses de los estudiantes son otros y poder estar hoy pensando en un proyecto educativo que tiene que ver con lo que le interesa a la comunidad, es para celebrar.<\/p>\n<p><iframe loading=\"lazy\" title=\"FAUD UNSJ MG B\u00c1RBARA MAIER\" width=\"800\" height=\"450\" src=\"https:\/\/www.youtube.com\/embed\/xcmREPc7FpI?feature=oembed\" frameborder=\"0\" allow=\"accelerometer; autoplay; clipboard-write; encrypted-media; gyroscope; picture-in-picture; web-share\" allowfullscreen><\/iframe><\/p>\n<p>Finalmente, la Vicerrectora de la UNSJ, Dra. Anal\u00eda Ponce resalt\u00f3 que la Universidad en todo dise\u00f1o, proyecto y del sistema en general, siempre es un proyecto que mira al futuro; sin futuro no hay educaci\u00f3n. Celebramos el D\u00eda del Dise\u00f1o, celebramos el crecimiento de una Facultad, de una Universidad que piensa en sus estudiantes y en sus egresados.<\/p>\n<p><iframe loading=\"lazy\" title=\"FAUD UNSJ VICERRECTORA DRA. ANALIA PONCE\" width=\"800\" height=\"450\" src=\"https:\/\/www.youtube.com\/embed\/5TX4lz7UhD8?feature=oembed\" frameborder=\"0\" allow=\"accelerometer; autoplay; clipboard-write; encrypted-media; gyroscope; picture-in-picture; web-share\" allowfullscreen><\/iframe><\/p>\n<p>Luego, se inici\u00f3 la primera conferencia con la\u00a0Coordinadora de la Diplomatura para la producci\u00f3n de videojuegos de la FAUD de la UNSJ, DG. Julieta Ladstatter, el\u00a0Asesor del Ministerio de Cultura de la Naci\u00f3n en temas de videojuegos, Lic. Alejandro Iparraguirre y la\u00a0Jefa de Gabinete de la Secretaria del Desarrollo Cultural del Ministerio de Cultura de la Naci\u00f3n, Mg. B\u00e1rbara Maier.<\/p>\n<p><img loading=\"lazy\" decoding=\"async\" class=\"alignnone size-full wp-image-64922\" src=\"https:\/\/vocesparalelas.com.ar\/sitio\/wp-content\/uploads\/2023\/10\/FAUD-DISENO-DIA-06.jpg\" alt=\"\" width=\"800\" height=\"533\" srcset=\"https:\/\/vocesparalelas.com.ar\/sitio\/wp-content\/uploads\/2023\/10\/FAUD-DISENO-DIA-06.jpg 800w, https:\/\/vocesparalelas.com.ar\/sitio\/wp-content\/uploads\/2023\/10\/FAUD-DISENO-DIA-06-300x200.jpg 300w, https:\/\/vocesparalelas.com.ar\/sitio\/wp-content\/uploads\/2023\/10\/FAUD-DISENO-DIA-06-768x512.jpg 768w\" sizes=\"auto, (max-width: 800px) 100vw, 800px\" \/><\/p>\n<p><img loading=\"lazy\" decoding=\"async\" class=\"alignnone size-full wp-image-64920\" src=\"https:\/\/vocesparalelas.com.ar\/sitio\/wp-content\/uploads\/2023\/10\/FAUD-DISENO-DIA-04.jpg\" alt=\"\" width=\"800\" height=\"533\" srcset=\"https:\/\/vocesparalelas.com.ar\/sitio\/wp-content\/uploads\/2023\/10\/FAUD-DISENO-DIA-04.jpg 800w, https:\/\/vocesparalelas.com.ar\/sitio\/wp-content\/uploads\/2023\/10\/FAUD-DISENO-DIA-04-300x200.jpg 300w, https:\/\/vocesparalelas.com.ar\/sitio\/wp-content\/uploads\/2023\/10\/FAUD-DISENO-DIA-04-768x512.jpg 768w\" sizes=\"auto, (max-width: 800px) 100vw, 800px\" \/><\/p>\n<p>&nbsp;<\/p>\n<blockquote class=\"wp-embedded-content\" data-secret=\"U4qG8kO1Dt\"><p><a href=\"https:\/\/vocesparalelas.com.ar\/sitio\/ciclo-el-diseno-nos-une-en-la-faud-de-la-unsj\/\">Ciclo \u00abEl Dise\u00f1o nos Une\u00bb en la FAUD de la UNSJ<\/a><\/p><\/blockquote>\n<p><iframe loading=\"lazy\" class=\"wp-embedded-content\" sandbox=\"allow-scripts\" security=\"restricted\" style=\"position: absolute; clip: rect(1px, 1px, 1px, 1px);\" title=\"\u00abCiclo \u00abEl Dise\u00f1o nos Une\u00bb en la FAUD de la UNSJ\u00bb \u2014 Voces Paralelas\" src=\"https:\/\/vocesparalelas.com.ar\/sitio\/ciclo-el-diseno-nos-une-en-la-faud-de-la-unsj\/embed\/#?secret=QEomybOX2x#?secret=U4qG8kO1Dt\" data-secret=\"U4qG8kO1Dt\" width=\"600\" height=\"338\" frameborder=\"0\" marginwidth=\"0\" marginheight=\"0\" scrolling=\"no\"><\/iframe><\/p>\n","protected":false},"excerpt":{"rendered":"<p>En el aula Magna de la Facultad de Arquitectura, Urbanismo y Dise\u00f1o de la Universidad Nacional de San Juan comenz\u00f3<\/p>\n","protected":false},"author":3,"featured_media":64921,"comment_status":"closed","ping_status":"closed","sticky":false,"template":"","format":"standard","meta":{"_acf_changed":false,"_seopress_robots_primary_cat":"none","_seopress_titles_title":"","_seopress_titles_desc":"","_seopress_robots_index":"","colormag_page_container_layout":"default_layout","colormag_page_sidebar_layout":"default_layout","footnotes":""},"categories":[9,7],"tags":[],"class_list":["post-64930","post","type-post","status-publish","format-standard","has-post-thumbnail","hentry","category-cursos","category-videos"],"acf":[],"_links":{"self":[{"href":"https:\/\/vocesparalelas.com.ar\/sitio\/wp-json\/wp\/v2\/posts\/64930","targetHints":{"allow":["GET"]}}],"collection":[{"href":"https:\/\/vocesparalelas.com.ar\/sitio\/wp-json\/wp\/v2\/posts"}],"about":[{"href":"https:\/\/vocesparalelas.com.ar\/sitio\/wp-json\/wp\/v2\/types\/post"}],"author":[{"embeddable":true,"href":"https:\/\/vocesparalelas.com.ar\/sitio\/wp-json\/wp\/v2\/users\/3"}],"replies":[{"embeddable":true,"href":"https:\/\/vocesparalelas.com.ar\/sitio\/wp-json\/wp\/v2\/comments?post=64930"}],"version-history":[{"count":1,"href":"https:\/\/vocesparalelas.com.ar\/sitio\/wp-json\/wp\/v2\/posts\/64930\/revisions"}],"predecessor-version":[{"id":64933,"href":"https:\/\/vocesparalelas.com.ar\/sitio\/wp-json\/wp\/v2\/posts\/64930\/revisions\/64933"}],"wp:featuredmedia":[{"embeddable":true,"href":"https:\/\/vocesparalelas.com.ar\/sitio\/wp-json\/wp\/v2\/media\/64921"}],"wp:attachment":[{"href":"https:\/\/vocesparalelas.com.ar\/sitio\/wp-json\/wp\/v2\/media?parent=64930"}],"wp:term":[{"taxonomy":"category","embeddable":true,"href":"https:\/\/vocesparalelas.com.ar\/sitio\/wp-json\/wp\/v2\/categories?post=64930"},{"taxonomy":"post_tag","embeddable":true,"href":"https:\/\/vocesparalelas.com.ar\/sitio\/wp-json\/wp\/v2\/tags?post=64930"}],"curies":[{"name":"wp","href":"https:\/\/api.w.org\/{rel}","templated":true}]}}