{"id":64895,"date":"2023-10-23T22:33:21","date_gmt":"2023-10-24T01:33:21","guid":{"rendered":"https:\/\/vocesparalelas.com.ar\/sitio\/?p=64895"},"modified":"2023-10-27T01:22:20","modified_gmt":"2023-10-27T04:22:20","slug":"encuentro-de-educacion-artistica-en-san-juan-para-continuar-fortaleciendo-la-creatividad","status":"publish","type":"post","link":"https:\/\/vocesparalelas.com.ar\/sitio\/encuentro-de-educacion-artistica-en-san-juan-para-continuar-fortaleciendo-la-creatividad\/","title":{"rendered":"Encuentro de Educaci\u00f3n Art\u00edstica en San Juan para continuar fortaleciendo la creatividad"},"content":{"rendered":"<p>El 19 y el 20 de Octubre de 2023, los docentes de San Juan disfrutaron el 8\u00b0 Encuentro Nacional de M\u00fasica y Educaci\u00f3n del MOMUSI y 1\u00ba Jornadas Provinciales de Educaci\u00f3n Art\u00edstica \u201cEscenario y escenas de la educaci\u00f3n art\u00edstica del presente\u201d.<\/p>\n<p><span style=\"color: #ff0000;\"><strong>Organiz\u00f3<\/strong><\/span><\/p>\n<ul>\n<li>Departamento de M\u00fasica de la FFHA UNSJ<\/li>\n<li>Jefatura DPD del ISFD de la Escuela Normal Superior \u00abGral. San Mart\u00edn\u00bb del Ministerio de Educaci\u00f3n del Gobierno de San Juan<\/li>\n<li>MOMUSI Sede San Juan Regi\u00f3n Cuyo<\/li>\n<\/ul>\n<p><span style=\"color: #ff0000;\"><strong>Actividades<\/strong><\/span><\/p>\n<ul>\n<li>Talleres de artes visuales, danza, expresi\u00f3n corporal, literatura y m\u00fasica, Propuesta interdisciplinaria, Charla, Panel, Mesa editorial, Intervenciones art\u00edsticas, Concierto.<\/li>\n<\/ul>\n<p><img loading=\"lazy\" decoding=\"async\" class=\"alignnone size-full wp-image-64280\" src=\"https:\/\/vocesparalelas.com.ar\/sitio\/wp-content\/uploads\/2023\/10\/FFHA-MOMUSI-logo.jpg\" alt=\"\" width=\"800\" height=\"466\" srcset=\"https:\/\/vocesparalelas.com.ar\/sitio\/wp-content\/uploads\/2023\/10\/FFHA-MOMUSI-logo.jpg 800w, https:\/\/vocesparalelas.com.ar\/sitio\/wp-content\/uploads\/2023\/10\/FFHA-MOMUSI-logo-300x175.jpg 300w, https:\/\/vocesparalelas.com.ar\/sitio\/wp-content\/uploads\/2023\/10\/FFHA-MOMUSI-logo-768x447.jpg 768w\" sizes=\"auto, (max-width: 800px) 100vw, 800px\" \/><\/p>\n<p>&nbsp;<\/p>\n<p>Por ello, Voces Paralelas desarroll\u00f3 una entrevista Period\u00edstica al la Prof. Mar\u00eda Jos\u00e9 Ortiz, quien remarc\u00f3 que el encuentro es para que mostrar y aprender que con las actividades art\u00edsticas los docentes pueden lograr que sus alumnos encuentren expresiones que les permitan crear sus propias producciones.<\/p>\n<p><iframe loading=\"lazy\" title=\"FFHA UNSJ PROF MAR\u00cdA JOS\u00c9 ORTIZ\" width=\"800\" height=\"450\" src=\"https:\/\/www.youtube.com\/embed\/EpIRar1rNo0?feature=oembed\" frameborder=\"0\" allow=\"accelerometer; autoplay; clipboard-write; encrypted-media; gyroscope; picture-in-picture; web-share\" allowfullscreen><\/iframe><\/p>\n<p>En el Taller de Teatro a cargo de Myriam Pacheco,\u00a0 le entreg\u00f3 a los docentes un papel de diario y les dijo que lo movieran, produjo sonido y les permiti\u00f3 encontrar un sonido creativo. Una t\u00e9cnica tan simple pero con movimientos que permiten un acompa\u00f1amiento creativo espont\u00e1neo.<\/p>\n<p><img loading=\"lazy\" decoding=\"async\" class=\"alignnone size-full wp-image-64727\" src=\"https:\/\/vocesparalelas.com.ar\/sitio\/wp-content\/uploads\/2023\/10\/FFHA-ENCUENTRO-ARTISTICO-04.jpg\" alt=\"\" width=\"800\" height=\"533\" srcset=\"https:\/\/vocesparalelas.com.ar\/sitio\/wp-content\/uploads\/2023\/10\/FFHA-ENCUENTRO-ARTISTICO-04.jpg 800w, https:\/\/vocesparalelas.com.ar\/sitio\/wp-content\/uploads\/2023\/10\/FFHA-ENCUENTRO-ARTISTICO-04-300x200.jpg 300w, https:\/\/vocesparalelas.com.ar\/sitio\/wp-content\/uploads\/2023\/10\/FFHA-ENCUENTRO-ARTISTICO-04-768x512.jpg 768w\" sizes=\"auto, (max-width: 800px) 100vw, 800px\" \/><\/p>\n<p>&nbsp;<\/p>\n<p><iframe loading=\"lazy\" title=\"FFHA UNSJ TALLER ART\u00cdSTICA\" width=\"800\" height=\"450\" src=\"https:\/\/www.youtube.com\/embed\/iTaBBNZyqmk?feature=oembed\" frameborder=\"0\" allow=\"accelerometer; autoplay; clipboard-write; encrypted-media; gyroscope; picture-in-picture; web-share\" allowfullscreen><\/iframe><\/p>\n<p>&nbsp;<\/p>\n<p><img loading=\"lazy\" decoding=\"async\" class=\"alignnone size-full wp-image-64726\" src=\"https:\/\/vocesparalelas.com.ar\/sitio\/wp-content\/uploads\/2023\/10\/FFHA-ENCUENTRO-ARTISTICO-03.jpg\" alt=\"\" width=\"800\" height=\"533\" srcset=\"https:\/\/vocesparalelas.com.ar\/sitio\/wp-content\/uploads\/2023\/10\/FFHA-ENCUENTRO-ARTISTICO-03.jpg 800w, https:\/\/vocesparalelas.com.ar\/sitio\/wp-content\/uploads\/2023\/10\/FFHA-ENCUENTRO-ARTISTICO-03-300x200.jpg 300w, https:\/\/vocesparalelas.com.ar\/sitio\/wp-content\/uploads\/2023\/10\/FFHA-ENCUENTRO-ARTISTICO-03-768x512.jpg 768w\" sizes=\"auto, (max-width: 800px) 100vw, 800px\" \/><\/p>\n<p>&nbsp;<\/p>\n<p><img loading=\"lazy\" decoding=\"async\" class=\"alignnone size-full wp-image-64725\" src=\"https:\/\/vocesparalelas.com.ar\/sitio\/wp-content\/uploads\/2023\/10\/FFHA-ENCUENTRO-ARTISTICO-02.jpg\" alt=\"\" width=\"800\" height=\"533\" srcset=\"https:\/\/vocesparalelas.com.ar\/sitio\/wp-content\/uploads\/2023\/10\/FFHA-ENCUENTRO-ARTISTICO-02.jpg 800w, https:\/\/vocesparalelas.com.ar\/sitio\/wp-content\/uploads\/2023\/10\/FFHA-ENCUENTRO-ARTISTICO-02-300x200.jpg 300w, https:\/\/vocesparalelas.com.ar\/sitio\/wp-content\/uploads\/2023\/10\/FFHA-ENCUENTRO-ARTISTICO-02-768x512.jpg 768w\" sizes=\"auto, (max-width: 800px) 100vw, 800px\" \/><\/p>\n<p><span style=\"color: #ff0000;\"><strong>Otras Voces<\/strong><\/span><\/p>\n<ul>\n<li>Panel Arte y Educaci\u00f3n \u00abEscenario y escenas de la educaci\u00f3n art\u00edstica del presente: aportes desde diversas miradas y perspectivas\u201d a cargo de Natalia Varas (M\u00fasica e Interculturalidad), Luis Bugue\u00f1o (Artes visuales), Mat\u00edas Montivero (Expresi\u00f3n corporal y Danza), Susana Lage (Teatro), Ricardo Trombino (Literatura)<\/li>\n<li>Charla \u00abEscenario y escenas de la educaci\u00f3n art\u00edstica del presente\u201d, a cargo de Juan Eduardo Pe\u00f1afort<\/li>\n<li>Ensamble de trombones de San Juan, responsables Profesores Melissa S\u00e1nchez y Franklin Moreno. Integrantes Melissa S\u00e1nchez, Jorge Godoy, Juan Baz\u00e1n, Jhon Calero, Franklin Moreno de la C\u00e1tedra de Tromb\u00f3n del Departamento de M\u00fasica de la FFHA de la UNSJ.<\/li>\n<li>Ballet San Juan Nuestro Tiempo<\/li>\n<\/ul>\n<p><span style=\"color: #ff0000;\"><strong>Talleres<\/strong><\/span><\/p>\n<ul>\n<li>Taller \u201cDesarrolladores de Carver Theatre\u201d, responsable Myriam Pacheco<\/li>\n<li>Taller de Expresi\u00f3n Corporal &#8211; Danza: \u00abExpresando ando\u00bb, responsables Melisa Sosa y Luc\u00eda Quiroga<\/li>\n<li>Taller \u201cEl Recreo adentro del rengl\u00f3n: escrituras creativas en los aprendizajes cotidianos\u201d, responsable Adriana Luna<\/li>\n<li>Taller \u201cIniciaci\u00f3n a la danza en la educaci\u00f3n formal\u201d, responsable Montivero Mat\u00edas<\/li>\n<li>Taller \u201cSi digo de m\u00ed\u2026\u201d, responsable Silvina Quiroga Flores<\/li>\n<li>Taller \u201cConstrucci\u00f3n de t\u00edteres y su importancia en la narraci\u00f3n\u201d, responsable Vanesa Diaz<\/li>\n<li>Taller \u201cJuego y m\u00fasica como experiencia de aprendizaje\u201d taller: \u201cLa po\u00e9tica de los materiales desde entornos contempor\u00e1neos\u201d, responsables Jorge Pastr\u00e1n, Gianina Della Gaspera y Emanuel Sanchez \u201cTiempo de Rondas\u201d.<\/li>\n<li>Taller \u201cA poncho y su receta de tomaticueca\u201d, responsables Stella Mas, Laura Pasten y Fernando Musu integrantes del grupo \u201cA poncho\u201d y colabora Mar\u00eda Jos\u00e9 Ort\u00edz<\/li>\n<li>Taller Lenguaje Art\u00edstico Danza: \u00abCultura Viva: danzas folkl\u00f3ricas argentinas en el \u00e1mbito educativo\u00bb responsables: Florencia Funes y Jonatan P\u00e1ez<\/li>\n<\/ul>\n<p><span style=\"color: #ff0000;\"><strong>Comisi\u00f3n organizadora<\/strong><\/span><\/p>\n<ul>\n<li>Prof. Jorge Pastran &#8211; Especialidad Artes Visuales<\/li>\n<li>Mg. Stella Mas &#8211; Especialidad Educaci\u00f3n Musical \/ MOMUSI (Sede San Juan Regi\u00f3n Cuyo)<\/li>\n<li>Prof. Victoria Cortez &#8211; Especialidad Expresi\u00f3n Corporal<\/li>\n<li>Prof. Vanesa D\u00edaz &#8211; Especialidad Literatura<\/li>\n<li>Prof. Ana Alicia Cabrera &#8211; Investigaci\u00f3n Educativa<\/li>\n<li>Prof. Mar\u00eda Jos\u00e9 Ortiz &#8211; MOMUSI (Sede San Juan Regi\u00f3n Cuyo<\/li>\n<\/ul>\n<p><img loading=\"lazy\" decoding=\"async\" class=\"alignnone size-full wp-image-64724\" src=\"https:\/\/vocesparalelas.com.ar\/sitio\/wp-content\/uploads\/2023\/10\/FFHA-ENCUENTRO-ARTISTICO-01.jpg\" alt=\"\" width=\"800\" height=\"533\" srcset=\"https:\/\/vocesparalelas.com.ar\/sitio\/wp-content\/uploads\/2023\/10\/FFHA-ENCUENTRO-ARTISTICO-01.jpg 800w, https:\/\/vocesparalelas.com.ar\/sitio\/wp-content\/uploads\/2023\/10\/FFHA-ENCUENTRO-ARTISTICO-01-300x200.jpg 300w, https:\/\/vocesparalelas.com.ar\/sitio\/wp-content\/uploads\/2023\/10\/FFHA-ENCUENTRO-ARTISTICO-01-768x512.jpg 768w\" sizes=\"auto, (max-width: 800px) 100vw, 800px\" \/><\/p>\n<p><span style=\"color: #ff0000;\"><strong>Colaboradores<\/strong><\/span><\/p>\n<ul>\n<li>Lic. Alejandra Moreno<\/li>\n<li>Estudiantes del Profesorado Universitario de M\u00fasica FFHA c\u00e1tedra: Proyectos Educativos y Art\u00edsticos German Montenegro<\/li>\n<li>Estudiantes del Profesorado de Educaci\u00f3n Inicial y Profesorado de Educaci\u00f3n Primaria ISFD &#8211; ENSGSM e Integrantes del Taller Arte y Tecnolog\u00eda del Proyecto de Fortalecimiento Institucional 2023: Rut Suarez; Daniela Tejada; Lizet Jofr\u00e9; Oriana Godoy; Patricia Riquelme; Maricel Martin; Gimena Lumila Vargas; Ariadna Malena Machuca; Nazareth Jael Baz\u00e1n<\/li>\n<\/ul>\n<p><img loading=\"lazy\" decoding=\"async\" class=\"alignnone size-full wp-image-64728\" src=\"https:\/\/vocesparalelas.com.ar\/sitio\/wp-content\/uploads\/2023\/10\/FFHA-ENCUENTRO-ARTISTICO-05.jpg\" alt=\"\" width=\"800\" height=\"533\" srcset=\"https:\/\/vocesparalelas.com.ar\/sitio\/wp-content\/uploads\/2023\/10\/FFHA-ENCUENTRO-ARTISTICO-05.jpg 800w, https:\/\/vocesparalelas.com.ar\/sitio\/wp-content\/uploads\/2023\/10\/FFHA-ENCUENTRO-ARTISTICO-05-300x200.jpg 300w, https:\/\/vocesparalelas.com.ar\/sitio\/wp-content\/uploads\/2023\/10\/FFHA-ENCUENTRO-ARTISTICO-05-768x512.jpg 768w\" sizes=\"auto, (max-width: 800px) 100vw, 800px\" \/><\/p>\n","protected":false},"excerpt":{"rendered":"<p>El 19 y el 20 de Octubre de 2023, los docentes de San Juan disfrutaron el 8\u00b0 Encuentro Nacional de<\/p>\n","protected":false},"author":3,"featured_media":64724,"comment_status":"closed","ping_status":"closed","sticky":false,"template":"","format":"standard","meta":{"_acf_changed":false,"_seopress_robots_primary_cat":"none","_seopress_titles_title":"","_seopress_titles_desc":"","_seopress_robots_index":"","colormag_page_container_layout":"default_layout","colormag_page_sidebar_layout":"default_layout","footnotes":""},"categories":[9,7],"tags":[],"class_list":["post-64895","post","type-post","status-publish","format-standard","has-post-thumbnail","hentry","category-cursos","category-videos"],"acf":[],"_links":{"self":[{"href":"https:\/\/vocesparalelas.com.ar\/sitio\/wp-json\/wp\/v2\/posts\/64895","targetHints":{"allow":["GET"]}}],"collection":[{"href":"https:\/\/vocesparalelas.com.ar\/sitio\/wp-json\/wp\/v2\/posts"}],"about":[{"href":"https:\/\/vocesparalelas.com.ar\/sitio\/wp-json\/wp\/v2\/types\/post"}],"author":[{"embeddable":true,"href":"https:\/\/vocesparalelas.com.ar\/sitio\/wp-json\/wp\/v2\/users\/3"}],"replies":[{"embeddable":true,"href":"https:\/\/vocesparalelas.com.ar\/sitio\/wp-json\/wp\/v2\/comments?post=64895"}],"version-history":[{"count":8,"href":"https:\/\/vocesparalelas.com.ar\/sitio\/wp-json\/wp\/v2\/posts\/64895\/revisions"}],"predecessor-version":[{"id":65027,"href":"https:\/\/vocesparalelas.com.ar\/sitio\/wp-json\/wp\/v2\/posts\/64895\/revisions\/65027"}],"wp:featuredmedia":[{"embeddable":true,"href":"https:\/\/vocesparalelas.com.ar\/sitio\/wp-json\/wp\/v2\/media\/64724"}],"wp:attachment":[{"href":"https:\/\/vocesparalelas.com.ar\/sitio\/wp-json\/wp\/v2\/media?parent=64895"}],"wp:term":[{"taxonomy":"category","embeddable":true,"href":"https:\/\/vocesparalelas.com.ar\/sitio\/wp-json\/wp\/v2\/categories?post=64895"},{"taxonomy":"post_tag","embeddable":true,"href":"https:\/\/vocesparalelas.com.ar\/sitio\/wp-json\/wp\/v2\/tags?post=64895"}],"curies":[{"name":"wp","href":"https:\/\/api.w.org\/{rel}","templated":true}]}}