{"id":64886,"date":"2023-10-23T23:18:00","date_gmt":"2023-10-24T02:18:00","guid":{"rendered":"https:\/\/vocesparalelas.com.ar\/sitio\/?p=64886"},"modified":"2023-10-25T19:47:48","modified_gmt":"2023-10-25T22:47:48","slug":"48-aniversario-de-la-fcefn-de-la-unsj-con-logros-academicos-que-se-fortalecen","status":"publish","type":"post","link":"https:\/\/vocesparalelas.com.ar\/sitio\/48-aniversario-de-la-fcefn-de-la-unsj-con-logros-academicos-que-se-fortalecen\/","title":{"rendered":"48\u00b0 Aniversario de la FCEFN de la UNSJ con logros acad\u00e9micos que se fortalecen"},"content":{"rendered":"<p>La Comunidad Universitaria festej\u00f3 el 48\u00b0 Aniversario de la Facultad de Ciencias Exactas, F\u00edsicas y Naturales de la Universidad Nacional de San Juan en el marco del 50\u00b0 Aniversario de la UNSJ.<\/p>\n<p>Por ello, Voces Paralelas desarroll\u00f3 una entrevista period\u00edstica a la Vicedecana a cargo del Decanato de la FCEFN de la UNSJ, Dra. Natalia Nu\u00f1ez, quien describi\u00f3 los avances que fortalecen a la Unidad Acad\u00e9mica.<\/p>\n<p>&nbsp;<\/p>\n<p><iframe loading=\"lazy\" title=\"FCEFN UNSJ VICEDECANA DRA NATALIA NU\u00d1EZ\" width=\"800\" height=\"450\" src=\"https:\/\/www.youtube.com\/embed\/P54FycEnDGM?feature=oembed\" frameborder=\"0\" allow=\"accelerometer; autoplay; clipboard-write; encrypted-media; gyroscope; picture-in-picture; web-share\" allowfullscreen><\/iframe><\/p>\n<p>Posteriormente, el\u00a0Rector de la UNSJ, Ing. Tadeo Berenguer, quien destac\u00f3 el significado de lograr 48 a\u00f1os de vida de una instituci\u00f3n dentro de la UNSJ.<\/p>\n<p><iframe loading=\"lazy\" title=\"FCEFN UNSJ RECTOR ING TADEO BERENGUER\" width=\"800\" height=\"450\" src=\"https:\/\/www.youtube.com\/embed\/XbTpnF-cwhM?feature=oembed\" frameborder=\"0\" allow=\"accelerometer; autoplay; clipboard-write; encrypted-media; gyroscope; picture-in-picture; web-share\" allowfullscreen><\/iframe><\/p>\n<p>&nbsp;<\/p>\n<p>El Tr\u00edo de Jazz, integrado por Elmer Meza en Trompeta, Santiago Palacio en Contrabajo y Diego Guillen en Piano, quien le puso color musical para festejar el 48\u00b0 Aniversario de la FCEFN de la UNSJ.<\/p>\n<p><img loading=\"lazy\" decoding=\"async\" class=\"alignnone size-full wp-image-64891\" src=\"https:\/\/vocesparalelas.com.ar\/sitio\/wp-content\/uploads\/2023\/10\/FCEFN-ACTO-ANIVERSARIO-03.jpg\" alt=\"\" width=\"800\" height=\"533\" srcset=\"https:\/\/vocesparalelas.com.ar\/sitio\/wp-content\/uploads\/2023\/10\/FCEFN-ACTO-ANIVERSARIO-03.jpg 800w, https:\/\/vocesparalelas.com.ar\/sitio\/wp-content\/uploads\/2023\/10\/FCEFN-ACTO-ANIVERSARIO-03-300x200.jpg 300w, https:\/\/vocesparalelas.com.ar\/sitio\/wp-content\/uploads\/2023\/10\/FCEFN-ACTO-ANIVERSARIO-03-768x512.jpg 768w\" sizes=\"auto, (max-width: 800px) 100vw, 800px\" \/><\/p>\n<p>&nbsp;<\/p>\n<p><iframe loading=\"lazy\" title=\"FCEFN UNSJ JAZZ\" width=\"800\" height=\"450\" src=\"https:\/\/www.youtube.com\/embed\/zFroWUmafi4?feature=oembed\" frameborder=\"0\" allow=\"accelerometer; autoplay; clipboard-write; encrypted-media; gyroscope; picture-in-picture; web-share\" allowfullscreen><\/iframe><\/p>\n<p>Despu\u00e9s de los discursos de la Vicedecana a cargo del Decanato de la FCEFN de la UNSJ, Dra. Natalia Nu\u00f1ez y del Rector de la UNSJ. Ing. Tadeo Berenguer, el acto continu\u00f3 con el reconocimiento a los docentes que lograron retirarse del sistema universitario.<\/p>\n<p><img loading=\"lazy\" decoding=\"async\" class=\"alignnone size-full wp-image-64890\" src=\"https:\/\/vocesparalelas.com.ar\/sitio\/wp-content\/uploads\/2023\/10\/FCEFN-ACTO-ANIVERSARIO-02.jpg\" alt=\"\" width=\"800\" height=\"533\" srcset=\"https:\/\/vocesparalelas.com.ar\/sitio\/wp-content\/uploads\/2023\/10\/FCEFN-ACTO-ANIVERSARIO-02.jpg 800w, https:\/\/vocesparalelas.com.ar\/sitio\/wp-content\/uploads\/2023\/10\/FCEFN-ACTO-ANIVERSARIO-02-300x200.jpg 300w, https:\/\/vocesparalelas.com.ar\/sitio\/wp-content\/uploads\/2023\/10\/FCEFN-ACTO-ANIVERSARIO-02-768x512.jpg 768w\" sizes=\"auto, (max-width: 800px) 100vw, 800px\" \/><\/p>\n<p><strong><span style=\"color: #339966;\">Docentes:<\/span> <\/strong>Alfonso Eduardo Balmaceda, Adriana In\u00e9s Bracco, Ra\u00fal Card\u00f3, In\u00e9s Calvo Rocchetti, Sonia Elizabeth Capdevila, Washington Gerardo Gomez, M\u00f3nica Gladys Grosso, H\u00e9ctor Segundo Lepez, Eduardo Machuca Woodbridge, Eduardo Enrique Martinez Carretero, Nilda del Valle Mendoza, Emilio N\u00e9stor Moyano, Alberico Fernando Murua, Silvia Rosana Reus, Jos\u00e9 Luis Taillant, Nidia Graciela Yacante, Francisco Iba\u00f1ez<\/p>\n<p><span style=\"color: #339966;\"><strong>Nodocentes:<\/strong><\/span> Roberto Ram\u00f3n Araya, Silvia Norma Ciallella, Mar\u00eda Cristina Rubilar<\/p>\n<p><img loading=\"lazy\" decoding=\"async\" class=\"alignnone size-full wp-image-64893\" src=\"https:\/\/vocesparalelas.com.ar\/sitio\/wp-content\/uploads\/2023\/10\/FCEFN-ACTO-ANIVERSARIO-05.jpg\" alt=\"\" width=\"800\" height=\"533\" srcset=\"https:\/\/vocesparalelas.com.ar\/sitio\/wp-content\/uploads\/2023\/10\/FCEFN-ACTO-ANIVERSARIO-05.jpg 800w, https:\/\/vocesparalelas.com.ar\/sitio\/wp-content\/uploads\/2023\/10\/FCEFN-ACTO-ANIVERSARIO-05-300x200.jpg 300w, https:\/\/vocesparalelas.com.ar\/sitio\/wp-content\/uploads\/2023\/10\/FCEFN-ACTO-ANIVERSARIO-05-768x512.jpg 768w\" sizes=\"auto, (max-width: 800px) 100vw, 800px\" \/><\/p>\n<p><img loading=\"lazy\" decoding=\"async\" class=\"alignnone size-large wp-image-22761\" src=\"https:\/\/vocesparalelas.com.ar\/sitio\/wp-content\/uploads\/2019\/08\/FCEFN-UNSJ-LOGO-800x600.jpg\" alt=\"\" width=\"800\" height=\"600\" srcset=\"https:\/\/vocesparalelas.com.ar\/sitio\/wp-content\/uploads\/2019\/08\/FCEFN-UNSJ-LOGO-800x600.jpg 800w, https:\/\/vocesparalelas.com.ar\/sitio\/wp-content\/uploads\/2019\/08\/FCEFN-UNSJ-LOGO-300x225.jpg 300w, https:\/\/vocesparalelas.com.ar\/sitio\/wp-content\/uploads\/2019\/08\/FCEFN-UNSJ-LOGO-768x576.jpg 768w, https:\/\/vocesparalelas.com.ar\/sitio\/wp-content\/uploads\/2019\/08\/FCEFN-UNSJ-LOGO.jpg 1000w\" sizes=\"auto, (max-width: 800px) 100vw, 800px\" \/><\/p>\n<figure id=\"attachment_26107\" aria-describedby=\"caption-attachment-26107\" style=\"width: 800px\" class=\"wp-caption alignnone\"><img loading=\"lazy\" decoding=\"async\" class=\"size-large wp-image-26107\" src=\"https:\/\/vocesparalelas.com.ar\/sitio\/wp-content\/uploads\/2020\/01\/FCEFN-UNSJ-EDIFICIO-800x489.jpg\" alt=\"\" width=\"800\" height=\"489\" srcset=\"https:\/\/vocesparalelas.com.ar\/sitio\/wp-content\/uploads\/2020\/01\/FCEFN-UNSJ-EDIFICIO.jpg 800w, https:\/\/vocesparalelas.com.ar\/sitio\/wp-content\/uploads\/2020\/01\/FCEFN-UNSJ-EDIFICIO-300x183.jpg 300w, https:\/\/vocesparalelas.com.ar\/sitio\/wp-content\/uploads\/2020\/01\/FCEFN-UNSJ-EDIFICIO-768x469.jpg 768w\" sizes=\"auto, (max-width: 800px) 100vw, 800px\" \/><figcaption id=\"caption-attachment-26107\" class=\"wp-caption-text\">Edificio de la FCEFN de la UNSJ<\/figcaption><\/figure>\n","protected":false},"excerpt":{"rendered":"<p>La Comunidad Universitaria festej\u00f3 el 48\u00b0 Aniversario de la Facultad de Ciencias Exactas, F\u00edsicas y Naturales de la Universidad Nacional<\/p>\n","protected":false},"author":3,"featured_media":64889,"comment_status":"closed","ping_status":"closed","sticky":false,"template":"","format":"standard","meta":{"_acf_changed":false,"_seopress_robots_primary_cat":"none","_seopress_titles_title":"","_seopress_titles_desc":"","_seopress_robots_index":"","colormag_page_container_layout":"default_layout","colormag_page_sidebar_layout":"default_layout","footnotes":""},"categories":[11,7],"tags":[],"class_list":["post-64886","post","type-post","status-publish","format-standard","has-post-thumbnail","hentry","category-sociales","category-videos"],"acf":[],"_links":{"self":[{"href":"https:\/\/vocesparalelas.com.ar\/sitio\/wp-json\/wp\/v2\/posts\/64886","targetHints":{"allow":["GET"]}}],"collection":[{"href":"https:\/\/vocesparalelas.com.ar\/sitio\/wp-json\/wp\/v2\/posts"}],"about":[{"href":"https:\/\/vocesparalelas.com.ar\/sitio\/wp-json\/wp\/v2\/types\/post"}],"author":[{"embeddable":true,"href":"https:\/\/vocesparalelas.com.ar\/sitio\/wp-json\/wp\/v2\/users\/3"}],"replies":[{"embeddable":true,"href":"https:\/\/vocesparalelas.com.ar\/sitio\/wp-json\/wp\/v2\/comments?post=64886"}],"version-history":[{"count":1,"href":"https:\/\/vocesparalelas.com.ar\/sitio\/wp-json\/wp\/v2\/posts\/64886\/revisions"}],"predecessor-version":[{"id":64894,"href":"https:\/\/vocesparalelas.com.ar\/sitio\/wp-json\/wp\/v2\/posts\/64886\/revisions\/64894"}],"wp:featuredmedia":[{"embeddable":true,"href":"https:\/\/vocesparalelas.com.ar\/sitio\/wp-json\/wp\/v2\/media\/64889"}],"wp:attachment":[{"href":"https:\/\/vocesparalelas.com.ar\/sitio\/wp-json\/wp\/v2\/media?parent=64886"}],"wp:term":[{"taxonomy":"category","embeddable":true,"href":"https:\/\/vocesparalelas.com.ar\/sitio\/wp-json\/wp\/v2\/categories?post=64886"},{"taxonomy":"post_tag","embeddable":true,"href":"https:\/\/vocesparalelas.com.ar\/sitio\/wp-json\/wp\/v2\/tags?post=64886"}],"curies":[{"name":"wp","href":"https:\/\/api.w.org\/{rel}","templated":true}]}}