{"id":64878,"date":"2023-10-23T22:28:59","date_gmt":"2023-10-24T01:28:59","guid":{"rendered":"https:\/\/vocesparalelas.com.ar\/sitio\/?p=64878"},"modified":"2023-10-25T21:10:17","modified_gmt":"2023-10-26T00:10:17","slug":"ciclo-el-diseno-nos-une-en-la-faud-de-la-unsj","status":"publish","type":"post","link":"https:\/\/vocesparalelas.com.ar\/sitio\/ciclo-el-diseno-nos-une-en-la-faud-de-la-unsj\/","title":{"rendered":"Ciclo \u00abEl Dise\u00f1o nos Une\u00bb en la FAUD de la UNSJ"},"content":{"rendered":"<p>El 24 de octubre es el D\u00eda del Dise\u00f1o Argentino y la Facultad de Arquitectura, Urbanismo y Dise\u00f1o de la Universidad Nacional de San Juan organiz\u00f3 el Ciclo <strong>\u00ab<\/strong>El Dise\u00f1o nos Une, festejamos con dise\u00f1o\u00bb, con una serie de actividades el 24; el 25 y el 30 de Octubre, en el aula Magna.<\/p>\n<p><span style=\"color: #339966;\"><strong>Cronograma<\/strong><\/span><\/p>\n<p><span style=\"color: #339966;\"><b>24 de Octubre<\/b><\/span><\/p>\n<ul>\n<li>9:30 hs. <span style=\"color: #339966;\"><b>Charla: Pol\u00edticas p\u00fablicas para las industrias culturales. Introducci\u00f3n al Dise\u00f1o para la producci\u00f3n de Videojuegos. <\/b><\/span>Lic. B\u00e1rbara MAIER, Lic. Alejandro IPARRAGUIRRE (Ministerio de Cultura de la Naci\u00f3n); y de la DG. Julieta LADSTATTER (Coordinadora Diplomatura para la producci\u00f3n de video juegos. FAUD-UNSJ).<\/li>\n<li>11 :00 hs.<span style=\"color: #339966;\"><b>\u00a0Workshop: Gesti\u00f3n de Talentos. Videojuegos\u00a0<\/b><\/span>Lic. B\u00e1rbara MAIER, Lic. Alejandro IPARRAGUIRRE (Ministerio de Cultura de la Naci\u00f3n).\u00a0DG. Julieta LADSTATTER (Coord. Diplomatura para la producci\u00f3n de videojuegos. FAUD-UNSJ)<\/li>\n<\/ul>\n<p><span style=\"color: #339966;\"><b>25 de Octubre<\/b><\/span><\/p>\n<ul>\n<li>10:30 hs.<b> <span style=\"color: #339966;\">Charla: Dise\u00f1ar con esp\u00edritu Ubuntu <\/span><\/b>Dra. DG. Mariana Pittaluga (FADU- UBA). Dra. en Arte Latinoamericano, Esp. en Teor\u00eda del Dise\u00f1o UBA Autora I Profesora UBA \/ UP \/ UGR<\/li>\n<li>11:15 hs.<b>\u00a0<span style=\"color: #339966;\">Charla: Dise\u00f1ar el futuro.<\/span> <\/b>D.I. \u00c1lvaro Heinzen (Uruguay) Comit\u00e9 Asesor de la Bienal Iberoamericana de Dise\u00f1o 1. Directivo de la Asociaci\u00f3n de PYMES (ANMYPE) 1, C\u00e1mara de Dise\u00f1o de Uruguay (CDU)<\/li>\n<li>12:00 hs.\u00a0<span style=\"color: #339966;\"><b>Charla: Cartonp\u00eda, de lo ef\u00edmero a lo perdurable. <\/b><\/span>D.I. Alejandra Epifani (Espa\u00f1a). Dise\u00f1adora de productos CARTONPIA I. Artesana<\/li>\n<li>17:00 hs.<b><span style=\"color: #339966;\"> Charla Abierta: La FAUD Accesible. Jornada para Re-Pensar. El valor de la accesibilidad en las disciplinas proyectuales.<\/span> <\/b>Mg. Arq. Mariu Olmedo. C\u00e1tedra Accesibilidad y Dise\u00f1o Universal en Ciudades Inteligentes.<\/li>\n<\/ul>\n<p><span style=\"color: #339966;\"><b>30 de Octubre<\/b><\/span><\/p>\n<ul>\n<li>10:30 hs. <span style=\"color: #339966;\"><b>Charla: Dialoguemos de Dise\u00f1o Argentino. Nuevos paradigmas. Presentaci\u00f3n del libro Dise\u00f1o Gr\u00e1fico argentino 2000-2020 <\/b><\/span>D.G. Fabian Muggeri; D.I.G. Leonardo Gato Ficcardi; D.I.G. Victor Pupo Boldrini<\/li>\n<\/ul>\n<figure id=\"attachment_59382\" aria-describedby=\"caption-attachment-59382\" style=\"width: 800px\" class=\"wp-caption alignnone\"><img loading=\"lazy\" decoding=\"async\" class=\"size-full wp-image-59382\" src=\"https:\/\/vocesparalelas.com.ar\/sitio\/wp-content\/uploads\/2023\/05\/FAUD-EDIFICIO-01.jpg\" alt=\"\" width=\"800\" height=\"600\" srcset=\"https:\/\/vocesparalelas.com.ar\/sitio\/wp-content\/uploads\/2023\/05\/FAUD-EDIFICIO-01.jpg 800w, https:\/\/vocesparalelas.com.ar\/sitio\/wp-content\/uploads\/2023\/05\/FAUD-EDIFICIO-01-300x225.jpg 300w, https:\/\/vocesparalelas.com.ar\/sitio\/wp-content\/uploads\/2023\/05\/FAUD-EDIFICIO-01-768x576.jpg 768w\" sizes=\"auto, (max-width: 800px) 100vw, 800px\" \/><figcaption id=\"caption-attachment-59382\" class=\"wp-caption-text\">Facultad de Arquitectura, Urbanismo y Dise\u00f1o de la Universidad Nacional de San Juan, Rep\u00fablica Argentina<\/figcaption><\/figure>\n","protected":false},"excerpt":{"rendered":"<p>El 24 de octubre es el D\u00eda del Dise\u00f1o Argentino y la Facultad de Arquitectura, Urbanismo y Dise\u00f1o de la<\/p>\n","protected":false},"author":3,"featured_media":64881,"comment_status":"closed","ping_status":"closed","sticky":false,"template":"","format":"standard","meta":{"_acf_changed":false,"_seopress_robots_primary_cat":"none","_seopress_titles_title":"","_seopress_titles_desc":"","_seopress_robots_index":"","colormag_page_container_layout":"default_layout","colormag_page_sidebar_layout":"default_layout","footnotes":""},"categories":[9],"tags":[],"class_list":["post-64878","post","type-post","status-publish","format-standard","has-post-thumbnail","hentry","category-cursos"],"acf":[],"_links":{"self":[{"href":"https:\/\/vocesparalelas.com.ar\/sitio\/wp-json\/wp\/v2\/posts\/64878","targetHints":{"allow":["GET"]}}],"collection":[{"href":"https:\/\/vocesparalelas.com.ar\/sitio\/wp-json\/wp\/v2\/posts"}],"about":[{"href":"https:\/\/vocesparalelas.com.ar\/sitio\/wp-json\/wp\/v2\/types\/post"}],"author":[{"embeddable":true,"href":"https:\/\/vocesparalelas.com.ar\/sitio\/wp-json\/wp\/v2\/users\/3"}],"replies":[{"embeddable":true,"href":"https:\/\/vocesparalelas.com.ar\/sitio\/wp-json\/wp\/v2\/comments?post=64878"}],"version-history":[{"count":1,"href":"https:\/\/vocesparalelas.com.ar\/sitio\/wp-json\/wp\/v2\/posts\/64878\/revisions"}],"predecessor-version":[{"id":64882,"href":"https:\/\/vocesparalelas.com.ar\/sitio\/wp-json\/wp\/v2\/posts\/64878\/revisions\/64882"}],"wp:featuredmedia":[{"embeddable":true,"href":"https:\/\/vocesparalelas.com.ar\/sitio\/wp-json\/wp\/v2\/media\/64881"}],"wp:attachment":[{"href":"https:\/\/vocesparalelas.com.ar\/sitio\/wp-json\/wp\/v2\/media?parent=64878"}],"wp:term":[{"taxonomy":"category","embeddable":true,"href":"https:\/\/vocesparalelas.com.ar\/sitio\/wp-json\/wp\/v2\/categories?post=64878"},{"taxonomy":"post_tag","embeddable":true,"href":"https:\/\/vocesparalelas.com.ar\/sitio\/wp-json\/wp\/v2\/tags?post=64878"}],"curies":[{"name":"wp","href":"https:\/\/api.w.org\/{rel}","templated":true}]}}