{"id":64867,"date":"2023-10-23T21:58:00","date_gmt":"2023-10-24T00:58:00","guid":{"rendered":"https:\/\/vocesparalelas.com.ar\/sitio\/?p=64867"},"modified":"2023-10-26T01:30:56","modified_gmt":"2023-10-26T04:30:56","slug":"un-acto-con-reencuentros-en-el-50-aniversario-del-cefocca-de-la-fi-de-la-unsj","status":"publish","type":"post","link":"https:\/\/vocesparalelas.com.ar\/sitio\/un-acto-con-reencuentros-en-el-50-aniversario-del-cefocca-de-la-fi-de-la-unsj\/","title":{"rendered":"Un acto con reencuentros en el 50\u00b0 Aniversario del CEFOCCA de la FI de la UNSJ"},"content":{"rendered":"<p>El Centro de Fotogrametr\u00eda, Cartograf\u00eda y Catastro &#8211; CEFOCCA &#8211; de la Facultad de Ingenier\u00eda de la Universidad Nacional de San Juan festej\u00f3 el 50\u00b0 Aniversario en un acto muy emotivo porque reuni\u00f3 gente que trabaj\u00f3 y trabaja\u00a0 en la instituci\u00f3n y familias. Provoc\u00f3 un reencuentro de an\u00e9cdotas y logros producto de mucho esfuerzos y con el apoyo de las autoridades de la FI de la UNSJ.<\/p>\n<p><img loading=\"lazy\" decoding=\"async\" class=\"alignnone size-full wp-image-64872\" src=\"https:\/\/vocesparalelas.com.ar\/sitio\/wp-content\/uploads\/2023\/10\/FI-UNSJ-CEFOCCA-ACTO-03.jpg\" alt=\"\" width=\"800\" height=\"533\" srcset=\"https:\/\/vocesparalelas.com.ar\/sitio\/wp-content\/uploads\/2023\/10\/FI-UNSJ-CEFOCCA-ACTO-03.jpg 800w, https:\/\/vocesparalelas.com.ar\/sitio\/wp-content\/uploads\/2023\/10\/FI-UNSJ-CEFOCCA-ACTO-03-300x200.jpg 300w, https:\/\/vocesparalelas.com.ar\/sitio\/wp-content\/uploads\/2023\/10\/FI-UNSJ-CEFOCCA-ACTO-03-768x512.jpg 768w\" sizes=\"auto, (max-width: 800px) 100vw, 800px\" \/><\/p>\n<p>Por ello, Voces Paralelas desarroll\u00f3 una entrevista period\u00edstica al Rector de la UNSJ, Ing. Tadeo Berenguer, quien destac\u00f3 la importancia del CEFOCCA que trabaja sus investigadores para brindar a la sociedad de San Juan.<\/p>\n<p><iframe loading=\"lazy\" title=\"FI UNSJ CEFOCCA RECTOR ING TADEO BERENGUER\" width=\"800\" height=\"450\" src=\"https:\/\/www.youtube.com\/embed\/XJtR5vnc3qs?feature=oembed\" frameborder=\"0\" allow=\"accelerometer; autoplay; clipboard-write; encrypted-media; gyroscope; picture-in-picture; web-share\" allowfullscreen><\/iframe><\/p>\n<p>Luego, el el director del CEFOCCA de la FI de la UNSJ, Ing. Walter Meli\u00e1n, quien destac\u00f3 los aportes que se realizan y la inauguraci\u00f3n de la restauraci\u00f3n y acondicionamiento de la instituci\u00f3n.<\/p>\n<p><iframe loading=\"lazy\" title=\"FI UNSJ CEFOCCA ING WALTER MELIAN\" width=\"800\" height=\"450\" src=\"https:\/\/www.youtube.com\/embed\/2UrJJn7xQ-k?feature=oembed\" frameborder=\"0\" allow=\"accelerometer; autoplay; clipboard-write; encrypted-media; gyroscope; picture-in-picture; web-share\" allowfullscreen><\/iframe><\/p>\n<p>Finalmente, el Decano de la FI de la UNSJ, Ing. Mario Fern\u00e1ndez, quien destac\u00f3 que los aportes cient\u00edficos est\u00e1n al servicio de San Juan y que siguen trabajando para fortalecer la instituci\u00f3n.<\/p>\n<p><iframe loading=\"lazy\" title=\"FI UNSJ CEFOCCA DECANO ING MARIO FERN\u00c1NDEZ\" width=\"800\" height=\"450\" src=\"https:\/\/www.youtube.com\/embed\/pvo3_AwPSZY?feature=oembed\" frameborder=\"0\" allow=\"accelerometer; autoplay; clipboard-write; encrypted-media; gyroscope; picture-in-picture; web-share\" allowfullscreen><\/iframe><\/p>\n<p>El acto comenz\u00f3 con el descubrimiento de la placa testigo del 50\u00b0 Aniversario del CEFOCA de la FI de la UNSJ.<\/p>\n<p><img loading=\"lazy\" decoding=\"async\" class=\"alignnone size-full wp-image-64873\" src=\"https:\/\/vocesparalelas.com.ar\/sitio\/wp-content\/uploads\/2023\/10\/FI-UNSJ-CEFOCCA-ACTO-04.jpg\" alt=\"\" width=\"800\" height=\"533\" srcset=\"https:\/\/vocesparalelas.com.ar\/sitio\/wp-content\/uploads\/2023\/10\/FI-UNSJ-CEFOCCA-ACTO-04.jpg 800w, https:\/\/vocesparalelas.com.ar\/sitio\/wp-content\/uploads\/2023\/10\/FI-UNSJ-CEFOCCA-ACTO-04-300x200.jpg 300w, https:\/\/vocesparalelas.com.ar\/sitio\/wp-content\/uploads\/2023\/10\/FI-UNSJ-CEFOCCA-ACTO-04-768x512.jpg 768w\" sizes=\"auto, (max-width: 800px) 100vw, 800px\" \/><\/p>\n<p>Seguidamente, cortaron la cinta que permiti\u00f3 dejar inaugurado el espacio f\u00edsico del CEFOCA de la FI de la UNSJ.<\/p>\n<p><img loading=\"lazy\" decoding=\"async\" class=\"alignnone size-full wp-image-64874\" src=\"https:\/\/vocesparalelas.com.ar\/sitio\/wp-content\/uploads\/2023\/10\/FI-UNSJ-CEFOCCA-ACTO-05.jpg\" alt=\"\" width=\"800\" height=\"533\" srcset=\"https:\/\/vocesparalelas.com.ar\/sitio\/wp-content\/uploads\/2023\/10\/FI-UNSJ-CEFOCCA-ACTO-05.jpg 800w, https:\/\/vocesparalelas.com.ar\/sitio\/wp-content\/uploads\/2023\/10\/FI-UNSJ-CEFOCCA-ACTO-05-300x200.jpg 300w, https:\/\/vocesparalelas.com.ar\/sitio\/wp-content\/uploads\/2023\/10\/FI-UNSJ-CEFOCCA-ACTO-05-768x512.jpg 768w\" sizes=\"auto, (max-width: 800px) 100vw, 800px\" \/><\/p>\n<p>Un recorrido por el edificio con sus refacciones y remodelaciones, producto de gestiones sucesivas, para lograr nuevas oficinas, laboratorio y una sala de usos m\u00faltiples, que finaliz\u00f3 en un sal\u00f3n de conferencia donde el Coro Universitario de la UNSJ se sum\u00f3 al gran festejo del CEFOCA de la FI de la UNSJ.<\/p>\n<p>Se enton\u00f3 el Himno Nacional Argentino con el video de los 50\u00b0Aniversario de la UNSJ, interpretado por la Voces de l Coro Universitario de la UNSJ y la Orquesta Sinf\u00f3nica de la UNSJ.<\/p>\n<p><iframe loading=\"lazy\" title=\"FI UNSJ CEFOCCA HIMNO NACIONAL ARGENTINO\" width=\"800\" height=\"450\" src=\"https:\/\/www.youtube.com\/embed\/PxIdp89ESOs?feature=oembed\" frameborder=\"0\" allow=\"accelerometer; autoplay; clipboard-write; encrypted-media; gyroscope; picture-in-picture; web-share\" allowfullscreen><\/iframe><\/p>\n<p>Posteriormente, el Coro Universitario de la UNSJ\u00a0 le dio el color al 50\u00b0 Aniversario del CEFOCCA de la FI de la UNSJ.<\/p>\n<p><iframe loading=\"lazy\" title=\"FI UNSJ CEFOCCA CORO UNSJ\" width=\"800\" height=\"450\" src=\"https:\/\/www.youtube.com\/embed\/MsSrPjHe00E?feature=oembed\" frameborder=\"0\" allow=\"accelerometer; autoplay; clipboard-write; encrypted-media; gyroscope; picture-in-picture; web-share\" allowfullscreen><\/iframe><\/p>\n<p>A continuaci\u00f3n, hubo un momento para la lectura de cartas y la proyecci\u00f3n de videos de salutaciones, entre ellos, del presidente del Instituto Geogr\u00e1fico Nacional, Sergio Rub\u00e9n Cimbaro, del presidente del Centro Argentino de Cartograf\u00eda, Ing. Ge\u00f3grafo Jorge Horacio Machuca, del Dr. Ever Castillo Osorio, de la Universidad de Yonsei &#8211; Corea del Sur, y de Alejandro G. Chibunichev, docente investigador de la Universidad MIIGAIK, Mosc\u00fa, Rusia.<\/p>\n<p>El acto continu\u00f3 con las palabras del subdirector del CEFOCCA de la FI de la UNSJ, Ing. Roberto Mancinelli, quien puntualiz\u00f3 la historia de la instituci\u00f3n y lo que se viene.<\/p>\n<p><iframe loading=\"lazy\" title=\"FI UNSJ CEFOCCA ING ROBERTO MANCINELLI\" width=\"800\" height=\"450\" src=\"https:\/\/www.youtube.com\/embed\/vp8fvQ4ogSc?feature=oembed\" frameborder=\"0\" allow=\"accelerometer; autoplay; clipboard-write; encrypted-media; gyroscope; picture-in-picture; web-share\" allowfullscreen><\/iframe><\/p>\n<p>Adem\u00e1s, el director del CEFOCCA de la FI de la UNSJ, Ing. Walter Meli\u00e1n, remarc\u00f3 los desaf\u00edos a futuro de la Unidad y la novedad de la creaci\u00f3n del primer Centro de Aviaci\u00f3n del pa\u00eds.<\/p>\n<p>El ex director del Centro, Ing. Lisana, realiz\u00f3 un recorrido hist\u00f3rico y agradeci\u00f3 a las autoridades de la FI y de la UNSJ el apoyo de grandes logros de la instituci\u00f3n.<\/p>\n<p><img loading=\"lazy\" decoding=\"async\" class=\"alignnone size-full wp-image-64876\" src=\"https:\/\/vocesparalelas.com.ar\/sitio\/wp-content\/uploads\/2023\/10\/FI-UNSJ-CEFOCCA-ACTO-07.jpg\" alt=\"\" width=\"800\" height=\"533\" srcset=\"https:\/\/vocesparalelas.com.ar\/sitio\/wp-content\/uploads\/2023\/10\/FI-UNSJ-CEFOCCA-ACTO-07.jpg 800w, https:\/\/vocesparalelas.com.ar\/sitio\/wp-content\/uploads\/2023\/10\/FI-UNSJ-CEFOCCA-ACTO-07-300x200.jpg 300w, https:\/\/vocesparalelas.com.ar\/sitio\/wp-content\/uploads\/2023\/10\/FI-UNSJ-CEFOCCA-ACTO-07-768x512.jpg 768w\" sizes=\"auto, (max-width: 800px) 100vw, 800px\" \/><\/p>\n<p>Se agreg\u00f3 a los relatos el Ing. Mario Oscar Larrieta, quien destac\u00f3 el agradecimiento al Centro por haber permitido construir conocimiento a trav\u00e9s de la investigaci\u00f3n a San Juan.<\/p>\n<p>Para finalizar el acto, se proyectaron videos de la historia del centro para que luego los presentes compartieran un \u00e1gape y un brindis muy especial en el 50\u00b0 Aniversario del CEFOCCA de la FI de la UNSJ, en el marco del 50\u00b0 Aniversario de la UNSJ.<\/p>\n<p>Durante este momento el d\u00fao de saxof\u00f3n y bajo ejecutados por Santiago Garzo y Nicol\u00e1s Bustos, quienes acompa\u00f1aron a los recuerdos y reencuentro de los asistentes.<\/p>\n<p>&nbsp;<\/p>\n<p><iframe loading=\"lazy\" title=\"FI UNSJ CEFOCCA SAXOFON\" width=\"800\" height=\"450\" src=\"https:\/\/www.youtube.com\/embed\/PozxIDpk_e8?feature=oembed\" frameborder=\"0\" allow=\"accelerometer; autoplay; clipboard-write; encrypted-media; gyroscope; picture-in-picture; web-share\" allowfullscreen><\/iframe><\/p>\n<p><img loading=\"lazy\" decoding=\"async\" class=\"alignnone size-full wp-image-64871\" src=\"https:\/\/vocesparalelas.com.ar\/sitio\/wp-content\/uploads\/2023\/10\/FI-UNSJ-CEFOCCA-ACTO-02.jpg\" alt=\"\" width=\"800\" height=\"533\" srcset=\"https:\/\/vocesparalelas.com.ar\/sitio\/wp-content\/uploads\/2023\/10\/FI-UNSJ-CEFOCCA-ACTO-02.jpg 800w, https:\/\/vocesparalelas.com.ar\/sitio\/wp-content\/uploads\/2023\/10\/FI-UNSJ-CEFOCCA-ACTO-02-300x200.jpg 300w, https:\/\/vocesparalelas.com.ar\/sitio\/wp-content\/uploads\/2023\/10\/FI-UNSJ-CEFOCCA-ACTO-02-768x512.jpg 768w\" sizes=\"auto, (max-width: 800px) 100vw, 800px\" \/><\/p>\n","protected":false},"excerpt":{"rendered":"<p>El Centro de Fotogrametr\u00eda, Cartograf\u00eda y Catastro &#8211; CEFOCCA &#8211; de la Facultad de Ingenier\u00eda de la Universidad Nacional de<\/p>\n","protected":false},"author":3,"featured_media":64873,"comment_status":"closed","ping_status":"closed","sticky":false,"template":"","format":"standard","meta":{"_acf_changed":false,"_seopress_robots_primary_cat":"none","_seopress_titles_title":"","_seopress_titles_desc":"","_seopress_robots_index":"","colormag_page_container_layout":"default_layout","colormag_page_sidebar_layout":"default_layout","footnotes":""},"categories":[10,7],"tags":[],"class_list":["post-64867","post","type-post","status-publish","format-standard","has-post-thumbnail","hentry","category-opiniones","category-videos"],"acf":[],"_links":{"self":[{"href":"https:\/\/vocesparalelas.com.ar\/sitio\/wp-json\/wp\/v2\/posts\/64867","targetHints":{"allow":["GET"]}}],"collection":[{"href":"https:\/\/vocesparalelas.com.ar\/sitio\/wp-json\/wp\/v2\/posts"}],"about":[{"href":"https:\/\/vocesparalelas.com.ar\/sitio\/wp-json\/wp\/v2\/types\/post"}],"author":[{"embeddable":true,"href":"https:\/\/vocesparalelas.com.ar\/sitio\/wp-json\/wp\/v2\/users\/3"}],"replies":[{"embeddable":true,"href":"https:\/\/vocesparalelas.com.ar\/sitio\/wp-json\/wp\/v2\/comments?post=64867"}],"version-history":[{"count":1,"href":"https:\/\/vocesparalelas.com.ar\/sitio\/wp-json\/wp\/v2\/posts\/64867\/revisions"}],"predecessor-version":[{"id":64877,"href":"https:\/\/vocesparalelas.com.ar\/sitio\/wp-json\/wp\/v2\/posts\/64867\/revisions\/64877"}],"wp:featuredmedia":[{"embeddable":true,"href":"https:\/\/vocesparalelas.com.ar\/sitio\/wp-json\/wp\/v2\/media\/64873"}],"wp:attachment":[{"href":"https:\/\/vocesparalelas.com.ar\/sitio\/wp-json\/wp\/v2\/media?parent=64867"}],"wp:term":[{"taxonomy":"category","embeddable":true,"href":"https:\/\/vocesparalelas.com.ar\/sitio\/wp-json\/wp\/v2\/categories?post=64867"},{"taxonomy":"post_tag","embeddable":true,"href":"https:\/\/vocesparalelas.com.ar\/sitio\/wp-json\/wp\/v2\/tags?post=64867"}],"curies":[{"name":"wp","href":"https:\/\/api.w.org\/{rel}","templated":true}]}}