{"id":64863,"date":"2023-10-23T19:57:28","date_gmt":"2023-10-23T22:57:28","guid":{"rendered":"https:\/\/vocesparalelas.com.ar\/sitio\/?p=64863"},"modified":"2023-10-25T21:19:46","modified_gmt":"2023-10-26T00:19:46","slug":"banco-san-juan-presente-en-la-expo-innova-cuyo-2023-en-san-juan","status":"publish","type":"post","link":"https:\/\/vocesparalelas.com.ar\/sitio\/banco-san-juan-presente-en-la-expo-innova-cuyo-2023-en-san-juan\/","title":{"rendered":"Banco San Juan presente en la \u00abExpo Innova Cuyo 2023\u00bb en San Juan"},"content":{"rendered":"<p>Banco San Juan participar\u00e1 en Expo Innova Cuyo 2023, la muestra agr\u00edcola m\u00e1s importante de la regi\u00f3n, que entre el 24 y el 26 de octubre reunir\u00e1 en Carpinter\u00eda, departamento Pocito, a las principales empresas y asociaciones relacionadas con el sector.<\/p>\n<p>El Banco estar\u00e1 presente en la Feria como Sponsor Principal con un imponente stand y toda su infraestructura de productos y servicios para el campo, y con un amplio equipo de ejecutivos que brindar\u00e1n asesoramiento a clientes y realizar\u00e1n convenios con empresas.<\/p>\n<p>Expo Innova Cuyo 2023 reunir\u00e1 a m\u00e1s de 100 empresas participantes y espera recibir a m\u00e1s de 5000 visitantes. Durante la muestra, que ser\u00e1 con entrada libre con inscripci\u00f3n previa, se desarrollar\u00e1 una diversa grilla de actividades, como espacios de charlas, muestras de cultivos a campo y din\u00e1mica de maquinarias, entre otras.<\/p>\n<p>&nbsp;<\/p>\n<p><img loading=\"lazy\" decoding=\"async\" class=\"alignnone size-large wp-image-5189\" src=\"https:\/\/vocesparalelas.com.ar\/sitio\/wp-content\/uploads\/2017\/09\/BANCO-SAN-JUAN-8-800x450.jpg\" alt=\"\" width=\"800\" height=\"450\" srcset=\"https:\/\/vocesparalelas.com.ar\/sitio\/wp-content\/uploads\/2017\/09\/BANCO-SAN-JUAN-8-800x450.jpg 800w, https:\/\/vocesparalelas.com.ar\/sitio\/wp-content\/uploads\/2017\/09\/BANCO-SAN-JUAN-8-300x169.jpg 300w, https:\/\/vocesparalelas.com.ar\/sitio\/wp-content\/uploads\/2017\/09\/BANCO-SAN-JUAN-8-768x432.jpg 768w, https:\/\/vocesparalelas.com.ar\/sitio\/wp-content\/uploads\/2017\/09\/BANCO-SAN-JUAN-8.jpg 1024w\" sizes=\"auto, (max-width: 800px) 100vw, 800px\" \/><\/p>\n<p>&nbsp;<\/p>\n<p>&nbsp;<\/p>\n","protected":false},"excerpt":{"rendered":"<p>Banco San Juan participar\u00e1 en Expo Innova Cuyo 2023, la muestra agr\u00edcola m\u00e1s importante de la regi\u00f3n, que entre el<\/p>\n","protected":false},"author":3,"featured_media":56789,"comment_status":"closed","ping_status":"closed","sticky":false,"template":"","format":"standard","meta":{"_acf_changed":false,"_seopress_robots_primary_cat":"none","_seopress_titles_title":"","_seopress_titles_desc":"","_seopress_robots_index":"","colormag_page_container_layout":"default_layout","colormag_page_sidebar_layout":"default_layout","footnotes":""},"categories":[6],"tags":[],"class_list":["post-64863","post","type-post","status-publish","format-standard","has-post-thumbnail","hentry","category-eventos"],"acf":[],"_links":{"self":[{"href":"https:\/\/vocesparalelas.com.ar\/sitio\/wp-json\/wp\/v2\/posts\/64863","targetHints":{"allow":["GET"]}}],"collection":[{"href":"https:\/\/vocesparalelas.com.ar\/sitio\/wp-json\/wp\/v2\/posts"}],"about":[{"href":"https:\/\/vocesparalelas.com.ar\/sitio\/wp-json\/wp\/v2\/types\/post"}],"author":[{"embeddable":true,"href":"https:\/\/vocesparalelas.com.ar\/sitio\/wp-json\/wp\/v2\/users\/3"}],"replies":[{"embeddable":true,"href":"https:\/\/vocesparalelas.com.ar\/sitio\/wp-json\/wp\/v2\/comments?post=64863"}],"version-history":[{"count":1,"href":"https:\/\/vocesparalelas.com.ar\/sitio\/wp-json\/wp\/v2\/posts\/64863\/revisions"}],"predecessor-version":[{"id":64866,"href":"https:\/\/vocesparalelas.com.ar\/sitio\/wp-json\/wp\/v2\/posts\/64863\/revisions\/64866"}],"wp:featuredmedia":[{"embeddable":true,"href":"https:\/\/vocesparalelas.com.ar\/sitio\/wp-json\/wp\/v2\/media\/56789"}],"wp:attachment":[{"href":"https:\/\/vocesparalelas.com.ar\/sitio\/wp-json\/wp\/v2\/media?parent=64863"}],"wp:term":[{"taxonomy":"category","embeddable":true,"href":"https:\/\/vocesparalelas.com.ar\/sitio\/wp-json\/wp\/v2\/categories?post=64863"},{"taxonomy":"post_tag","embeddable":true,"href":"https:\/\/vocesparalelas.com.ar\/sitio\/wp-json\/wp\/v2\/tags?post=64863"}],"curies":[{"name":"wp","href":"https:\/\/api.w.org\/{rel}","templated":true}]}}