{"id":64857,"date":"2023-10-23T19:34:51","date_gmt":"2023-10-23T22:34:51","guid":{"rendered":"https:\/\/vocesparalelas.com.ar\/sitio\/?p=64857"},"modified":"2023-10-27T01:19:46","modified_gmt":"2023-10-27T04:19:46","slug":"hacia-el-mapa-lector-de-san-juan","status":"publish","type":"post","link":"https:\/\/vocesparalelas.com.ar\/sitio\/hacia-el-mapa-lector-de-san-juan\/","title":{"rendered":"Hacia el Mapa Lector de San Juan"},"content":{"rendered":"<p>Con la premisa de registrar y socializar experiencias de lectura, el Plan de lecturas jurisdiccional plantea el dispositivo de mapeo provincial.<\/p>\n<p>Los directivos o docentes interesados en participar deben completar un formulario donde deben consignar datos institucionales y evidencias (audio) de los proyectos institucionales de lecturas llevados a cabo en el presente a\u00f1o.<\/p>\n<p><span style=\"color: #339966;\"><strong>Los aspirantes tienen tiempo de inscribirse hasta el 25 de Octubre de 2023 accediendo a\u00a0<\/strong><\/span><\/p>\n<p><a href=\"https:\/\/forms.gle\/XquGVpDGN4SMyjfy9\">https:\/\/forms.gle\/XquGVpDGN4SMyjfy9<\/a><\/p>\n<p>Es importante tener en cuenta que el mapa lector localiza los PILe de instituciones educativas de todos los niveles y modalidades y tambi\u00e9n las iniciativas lectoras de espacios de investigaci\u00f3n y creaci\u00f3n, proyectos acad\u00e9micos, talleres literarios, editoriales, bibliotecas p\u00fablicas.<\/p>\n<p><span style=\"color: #339966;\"><strong>M\u00e1s informaci\u00f3n<\/strong><\/span><\/p>\n<p>Contactarse a <span id=\"cloak98685ef5f5fb1aba8b4f0ec22bf7c7d6\"><span id=\"cloak5f014539239306652572d38259c7b5f8\"><a href=\"mailto:planlecturas.sj@gmail.com\">planlecturas.sj@gmail.com<\/a><\/span><\/span><\/p>\n<p>&nbsp;<\/p>\n<p><img loading=\"lazy\" decoding=\"async\" class=\"alignnone size-full wp-image-28629\" src=\"https:\/\/vocesparalelas.com.ar\/sitio\/wp-content\/uploads\/2020\/05\/MINISTERIO-EDUCACION-SJ.jpg\" alt=\"\" width=\"800\" height=\"533\" srcset=\"https:\/\/vocesparalelas.com.ar\/sitio\/wp-content\/uploads\/2020\/05\/MINISTERIO-EDUCACION-SJ.jpg 800w, https:\/\/vocesparalelas.com.ar\/sitio\/wp-content\/uploads\/2020\/05\/MINISTERIO-EDUCACION-SJ-300x200.jpg 300w, https:\/\/vocesparalelas.com.ar\/sitio\/wp-content\/uploads\/2020\/05\/MINISTERIO-EDUCACION-SJ-768x512.jpg 768w\" sizes=\"auto, (max-width: 800px) 100vw, 800px\" \/><\/p>\n","protected":false},"excerpt":{"rendered":"<p>Con la premisa de registrar y socializar experiencias de lectura, el Plan de lecturas jurisdiccional plantea el dispositivo de mapeo<\/p>\n","protected":false},"author":3,"featured_media":20911,"comment_status":"closed","ping_status":"closed","sticky":false,"template":"","format":"standard","meta":{"_acf_changed":false,"_seopress_robots_primary_cat":"none","_seopress_titles_title":"","_seopress_titles_desc":"","_seopress_robots_index":"","colormag_page_container_layout":"default_layout","colormag_page_sidebar_layout":"default_layout","footnotes":""},"categories":[2],"tags":[],"class_list":["post-64857","post","type-post","status-publish","format-standard","has-post-thumbnail","hentry","category-convocatorias"],"acf":[],"_links":{"self":[{"href":"https:\/\/vocesparalelas.com.ar\/sitio\/wp-json\/wp\/v2\/posts\/64857","targetHints":{"allow":["GET"]}}],"collection":[{"href":"https:\/\/vocesparalelas.com.ar\/sitio\/wp-json\/wp\/v2\/posts"}],"about":[{"href":"https:\/\/vocesparalelas.com.ar\/sitio\/wp-json\/wp\/v2\/types\/post"}],"author":[{"embeddable":true,"href":"https:\/\/vocesparalelas.com.ar\/sitio\/wp-json\/wp\/v2\/users\/3"}],"replies":[{"embeddable":true,"href":"https:\/\/vocesparalelas.com.ar\/sitio\/wp-json\/wp\/v2\/comments?post=64857"}],"version-history":[{"count":1,"href":"https:\/\/vocesparalelas.com.ar\/sitio\/wp-json\/wp\/v2\/posts\/64857\/revisions"}],"predecessor-version":[{"id":64860,"href":"https:\/\/vocesparalelas.com.ar\/sitio\/wp-json\/wp\/v2\/posts\/64857\/revisions\/64860"}],"wp:featuredmedia":[{"embeddable":true,"href":"https:\/\/vocesparalelas.com.ar\/sitio\/wp-json\/wp\/v2\/media\/20911"}],"wp:attachment":[{"href":"https:\/\/vocesparalelas.com.ar\/sitio\/wp-json\/wp\/v2\/media?parent=64857"}],"wp:term":[{"taxonomy":"category","embeddable":true,"href":"https:\/\/vocesparalelas.com.ar\/sitio\/wp-json\/wp\/v2\/categories?post=64857"},{"taxonomy":"post_tag","embeddable":true,"href":"https:\/\/vocesparalelas.com.ar\/sitio\/wp-json\/wp\/v2\/tags?post=64857"}],"curies":[{"name":"wp","href":"https:\/\/api.w.org\/{rel}","templated":true}]}}