{"id":64846,"date":"2023-10-25T16:52:18","date_gmt":"2023-10-25T19:52:18","guid":{"rendered":"https:\/\/vocesparalelas.com.ar\/sitio\/?p=64846"},"modified":"2023-10-27T01:18:25","modified_gmt":"2023-10-27T04:18:25","slug":"i-jornadas-sanjuaninas-sobre-discapacidad","status":"publish","type":"post","link":"https:\/\/vocesparalelas.com.ar\/sitio\/i-jornadas-sanjuaninas-sobre-discapacidad\/","title":{"rendered":"I Jornadas Sanjuaninas sobre Discapacidad"},"content":{"rendered":"<p>El 26 y 27 de Octubre de 2023, a las 17 hs., en el Foro de Abogados de San Juan, se desarrolla la I Jornadas Sanjuaninas sobre Discapacidad. Actividad gratuita y abierta a todo p\u00fablico<\/p>\n<p>El evento se puede participar en forma presencial o en forma virtual por Zoom<\/p>\n<p><strong><span style=\"color: #339966;\">Cronograma<\/span><\/strong><\/p>\n<p><strong><span style=\"color: #339966;\">Jueves 26 de octubre<\/span><\/strong><\/p>\n<ul>\n<li>17 horas. Apertura de las Jornadas: Fabi\u00e1n Aballay (Ministro de Desarrollo Humano y Promoci\u00f3n Social); Marcelo \u00c1lvarez (Presidente del Foro de Abogados de San Juan); Andrea Lepez (Directora de la Direcci\u00f3n de Discapacidad); Juan Antonio Seda (Director Carrera de Especializaci\u00f3n en Discapacidad y Derechos Universidad de Buenos Aires); Valeria Recabarren Zamarbide (Directora Instituto Interdisciplinario de la Discapacidad Foro de Abogados de San Juan).<\/li>\n<li>17.30 horas. Certificado de Discapacidad: tramitaci\u00f3n, vigencia y aspectos legales: Silvina Doblab; Daniela Gonz\u00e1lez; Lic. Roc\u00edo Trujillano; Alejandra Azcona;. Modera: Mariela Garc\u00eda<\/li>\n<li>18.30 horas. Break<\/li>\n<li>19.00 horas. Cuestiones pr\u00e1cticas del proceso de restricci\u00f3n a la capacidad: Marianela L\u00f3pez; Celia Lucero: Carina Cabrera; Valeria Recabarren Zamarbide. Modera: Rosana Rodr\u00edguez Achilles<\/li>\n<\/ul>\n<p><strong><span style=\"color: #339966;\">Viernes 27 de Octubre<\/span><\/strong><\/p>\n<ul>\n<li>17 horas. Presentaci\u00f3n del libro \u201c20 a\u00f1os del Programa Universidad y Discapacidad en la UBA. Experiencias de accesibilidad acad\u00e9mica para personas con discapacidad\u201d (Editorial Fedun); Juan Antonio Seda; Valeria Recabarren Zamarbide;\u00a0Liliana Mart\u00ednez;\u00a0Rosana Rodr\u00edguez Achilles. Modera: Eleonora Vargas<\/li>\n<li>18 horas. Principales reclamos en discapacidad. Relato de casos: Dr. Fernando Jos\u00e9 Conte Grand; Dr. Pablo Garc\u00eda Nieto; Eleonora Vargas; Dr. Marcos Javier Ibarra. Modera: Cinthia P\u00e9rez Rojos<\/li>\n<li>19 horas. Break<\/li>\n<li>19.30 horas. Conferencia: \u201cDiscapacidad y Derechos\u201d Dr. Juan Antonio Seda. Presenta: Valeria Recabarren Zamarbide<\/li>\n<li>21.00 horas. Cierre<\/li>\n<\/ul>\n<p><span style=\"color: #339966;\"><strong>Link de inscripci\u00f3n<\/strong><\/span><\/p>\n<p><a href=\"https:\/\/bit.ly\/JORDISC\">https:\/\/bit.ly\/JORDISC<\/a><\/p>\n<p><strong><span style=\"color: #339966;\">M\u00e1s informaci\u00f3n<\/span><\/strong><\/p>\n<p><a href=\"mailto:discapacidad.forodeabogados.sj@gmail.com\">discapacidad.forodeabogados.sj@gmail.com<\/a><\/p>\n<p>&nbsp;<\/p>\n<p><iframe loading=\"lazy\" title=\"Discapacidad, poder distinto | Constanza Orbaiz | TEDxRiodelaPlata\" width=\"800\" height=\"450\" src=\"https:\/\/www.youtube.com\/embed\/4NuF4HD94Qs?feature=oembed\" frameborder=\"0\" allow=\"accelerometer; autoplay; clipboard-write; encrypted-media; gyroscope; picture-in-picture; web-share\" allowfullscreen><\/iframe><\/p>\n<p>&nbsp;<\/p>\n<p><img loading=\"lazy\" decoding=\"async\" class=\"alignnone size-large wp-image-16061\" src=\"https:\/\/vocesparalelas.com.ar\/sitio\/wp-content\/uploads\/2018\/10\/FORO-ABOGADOS-01-800x600.jpg\" alt=\"\" width=\"800\" height=\"600\" srcset=\"https:\/\/vocesparalelas.com.ar\/sitio\/wp-content\/uploads\/2018\/10\/FORO-ABOGADOS-01-800x600.jpg 800w, https:\/\/vocesparalelas.com.ar\/sitio\/wp-content\/uploads\/2018\/10\/FORO-ABOGADOS-01-300x225.jpg 300w, https:\/\/vocesparalelas.com.ar\/sitio\/wp-content\/uploads\/2018\/10\/FORO-ABOGADOS-01-768x576.jpg 768w, https:\/\/vocesparalelas.com.ar\/sitio\/wp-content\/uploads\/2018\/10\/FORO-ABOGADOS-01.jpg 1000w\" sizes=\"auto, (max-width: 800px) 100vw, 800px\" \/><\/p>\n","protected":false},"excerpt":{"rendered":"<p>El 26 y 27 de Octubre de 2023, a las 17 hs., en el Foro de Abogados de San Juan,<\/p>\n","protected":false},"author":3,"featured_media":64851,"comment_status":"closed","ping_status":"closed","sticky":false,"template":"","format":"standard","meta":{"_acf_changed":false,"_seopress_robots_primary_cat":"none","_seopress_titles_title":"","_seopress_titles_desc":"","_seopress_robots_index":"","colormag_page_container_layout":"default_layout","colormag_page_sidebar_layout":"default_layout","footnotes":""},"categories":[9,7],"tags":[],"class_list":["post-64846","post","type-post","status-publish","format-standard","has-post-thumbnail","hentry","category-cursos","category-videos"],"acf":[],"_links":{"self":[{"href":"https:\/\/vocesparalelas.com.ar\/sitio\/wp-json\/wp\/v2\/posts\/64846","targetHints":{"allow":["GET"]}}],"collection":[{"href":"https:\/\/vocesparalelas.com.ar\/sitio\/wp-json\/wp\/v2\/posts"}],"about":[{"href":"https:\/\/vocesparalelas.com.ar\/sitio\/wp-json\/wp\/v2\/types\/post"}],"author":[{"embeddable":true,"href":"https:\/\/vocesparalelas.com.ar\/sitio\/wp-json\/wp\/v2\/users\/3"}],"replies":[{"embeddable":true,"href":"https:\/\/vocesparalelas.com.ar\/sitio\/wp-json\/wp\/v2\/comments?post=64846"}],"version-history":[{"count":3,"href":"https:\/\/vocesparalelas.com.ar\/sitio\/wp-json\/wp\/v2\/posts\/64846\/revisions"}],"predecessor-version":[{"id":64853,"href":"https:\/\/vocesparalelas.com.ar\/sitio\/wp-json\/wp\/v2\/posts\/64846\/revisions\/64853"}],"wp:featuredmedia":[{"embeddable":true,"href":"https:\/\/vocesparalelas.com.ar\/sitio\/wp-json\/wp\/v2\/media\/64851"}],"wp:attachment":[{"href":"https:\/\/vocesparalelas.com.ar\/sitio\/wp-json\/wp\/v2\/media?parent=64846"}],"wp:term":[{"taxonomy":"category","embeddable":true,"href":"https:\/\/vocesparalelas.com.ar\/sitio\/wp-json\/wp\/v2\/categories?post=64846"},{"taxonomy":"post_tag","embeddable":true,"href":"https:\/\/vocesparalelas.com.ar\/sitio\/wp-json\/wp\/v2\/tags?post=64846"}],"curies":[{"name":"wp","href":"https:\/\/api.w.org\/{rel}","templated":true}]}}