{"id":64837,"date":"2023-10-22T22:13:14","date_gmt":"2023-10-23T01:13:14","guid":{"rendered":"https:\/\/vocesparalelas.com.ar\/sitio\/?p=64837"},"modified":"2023-10-23T00:17:56","modified_gmt":"2023-10-23T03:17:56","slug":"tres-diputados-electos-nacionales-se-suman-para-trabajar-y-defender-a-san-juan","status":"publish","type":"post","link":"https:\/\/vocesparalelas.com.ar\/sitio\/tres-diputados-electos-nacionales-se-suman-para-trabajar-y-defender-a-san-juan\/","title":{"rendered":"Tres Diputados Electos Nacionales se suman para trabajar y defender a San Juan"},"content":{"rendered":"<p>Despu\u00e9s de las Elecciones 2023 para los cargos de Diputados Nacionales de San Juan arroj\u00f3 los resultados y que se integran a la C\u00e1mara de Diputados de la Naci\u00f3n.<\/p>\n<ul>\n<li>\u00a0Libertad Avanza Jos\u00e9 Peluc<\/li>\n<li>Frente Uni\u00f3n por la Patria, Jorge Chica<\/li>\n<li>Cambia San Juan, Dra. Nancy Pic\u00f3n<\/li>\n<\/ul>\n<p>Ellos se suman el 10 de Diciembre a la C\u00e1mara de Diputados de la Naci\u00f3n junto a los del Frente Uni\u00f3n por la Patria, Walberto Allende y la Dra. Fabiola Aubone y por Junto por el Cambio, Dra. Susana Laciar, quien al ser Intendente Electa de la Municipalidad de Capital, el 2 de Mayo, ahora la reemplaza Alejandra Leonardo porque sus mandatos se cumplen en el 2025.<\/p>\n<p><img loading=\"lazy\" decoding=\"async\" class=\"alignnone size-full wp-image-64817\" src=\"https:\/\/vocesparalelas.com.ar\/sitio\/wp-content\/uploads\/2023\/10\/ELECCIONES-02.jpg\" alt=\"\" width=\"800\" height=\"533\" srcset=\"https:\/\/vocesparalelas.com.ar\/sitio\/wp-content\/uploads\/2023\/10\/ELECCIONES-02.jpg 800w, https:\/\/vocesparalelas.com.ar\/sitio\/wp-content\/uploads\/2023\/10\/ELECCIONES-02-300x200.jpg 300w, https:\/\/vocesparalelas.com.ar\/sitio\/wp-content\/uploads\/2023\/10\/ELECCIONES-02-768x512.jpg 768w\" sizes=\"auto, (max-width: 800px) 100vw, 800px\" \/><\/p>\n","protected":false},"excerpt":{"rendered":"<p>Despu\u00e9s de las Elecciones 2023 para los cargos de Diputados Nacionales de San Juan arroj\u00f3 los resultados y que se<\/p>\n","protected":false},"author":3,"featured_media":7856,"comment_status":"closed","ping_status":"closed","sticky":false,"template":"","format":"standard","meta":{"_acf_changed":false,"_seopress_robots_primary_cat":"none","_seopress_titles_title":"","_seopress_titles_desc":"","_seopress_robots_index":"","colormag_page_container_layout":"default_layout","colormag_page_sidebar_layout":"default_layout","footnotes":""},"categories":[1],"tags":[],"class_list":["post-64837","post","type-post","status-publish","format-standard","has-post-thumbnail","hentry","category-destacadas"],"acf":[],"_links":{"self":[{"href":"https:\/\/vocesparalelas.com.ar\/sitio\/wp-json\/wp\/v2\/posts\/64837","targetHints":{"allow":["GET"]}}],"collection":[{"href":"https:\/\/vocesparalelas.com.ar\/sitio\/wp-json\/wp\/v2\/posts"}],"about":[{"href":"https:\/\/vocesparalelas.com.ar\/sitio\/wp-json\/wp\/v2\/types\/post"}],"author":[{"embeddable":true,"href":"https:\/\/vocesparalelas.com.ar\/sitio\/wp-json\/wp\/v2\/users\/3"}],"replies":[{"embeddable":true,"href":"https:\/\/vocesparalelas.com.ar\/sitio\/wp-json\/wp\/v2\/comments?post=64837"}],"version-history":[{"count":1,"href":"https:\/\/vocesparalelas.com.ar\/sitio\/wp-json\/wp\/v2\/posts\/64837\/revisions"}],"predecessor-version":[{"id":64840,"href":"https:\/\/vocesparalelas.com.ar\/sitio\/wp-json\/wp\/v2\/posts\/64837\/revisions\/64840"}],"wp:featuredmedia":[{"embeddable":true,"href":"https:\/\/vocesparalelas.com.ar\/sitio\/wp-json\/wp\/v2\/media\/7856"}],"wp:attachment":[{"href":"https:\/\/vocesparalelas.com.ar\/sitio\/wp-json\/wp\/v2\/media?parent=64837"}],"wp:term":[{"taxonomy":"category","embeddable":true,"href":"https:\/\/vocesparalelas.com.ar\/sitio\/wp-json\/wp\/v2\/categories?post=64837"},{"taxonomy":"post_tag","embeddable":true,"href":"https:\/\/vocesparalelas.com.ar\/sitio\/wp-json\/wp\/v2\/tags?post=64837"}],"curies":[{"name":"wp","href":"https:\/\/api.w.org\/{rel}","templated":true}]}}