{"id":64814,"date":"2023-10-22T23:08:17","date_gmt":"2023-10-23T02:08:17","guid":{"rendered":"https:\/\/vocesparalelas.com.ar\/sitio\/?p=64814"},"modified":"2023-10-22T23:08:17","modified_gmt":"2023-10-23T02:08:17","slug":"hay-balotaje-en-las-elecciones-2023-presidencial-en-la-republica-argentina","status":"publish","type":"post","link":"https:\/\/vocesparalelas.com.ar\/sitio\/hay-balotaje-en-las-elecciones-2023-presidencial-en-la-republica-argentina\/","title":{"rendered":"Hay balotaje en las Elecciones 2023 Presidencial en la Rep\u00fablica Argentina"},"content":{"rendered":"<p class=\"paragraph\">El candidato de Uni\u00f3n por la Patria, Sergio Massa, disputar\u00e1 la Presidencia con el representante de la Libertad Avanza, Javier Milei, en el balotaje el Domingo, 19 de Noviembre de 2023 en la Rep\u00fablica Argentina.<\/p>\n<p class=\"paragraph\">Con el 92,37% de las mesas escrutadas,\u00a0el ministro de Econom\u00eda es el postulante m\u00e1s votado, con 36,37% de los votos.<\/p>\n<p class=\"paragraph\">Milei se encuentra segundo, con el 30,15 por ciento.<\/p>\n<p class=\"paragraph\">Patricia Bullrich, la representante de Juntos por el Cambio, est\u00e1 tercera, lejos de los dos primeros, con el\u00a023,83 por ciento.<\/p>\n<p class=\"paragraph\">Los resultados marcan una fuerte recuperaci\u00f3n del oficialismo con respecto a las elecciones Primarias, cuando hab\u00eda terminado tercero, con 27,28 por ciento. Tambi\u00e9n confirman un retroceso de\u00a0Juntos por el Cambio,\u00a0que perdi\u00f3 casi cinco puntos.<\/p>\n<p class=\"paragraph\">La participaci\u00f3n llega al 77,65 por ciento.<\/p>\n<div id=\"parrafo_0\" class=\"body-blogging-container\">\n<div class=\"body-blogging-article \">\n<p class=\"paragraph\">La candidata a presidenta de\u00a0Juntos por el Cambio\u00a0habl\u00f3 desde su b\u00fanker en Parque Norte pasadas las 22 horas. Mantuvo su posici\u00f3n cr\u00edtica hacia el oficialismo y reivindic\u00f3 los postulados de la alianza opositora. \u201cNuestra causa va m\u00e1s all\u00e1 de un momento electoral.\u00a0El pa\u00eds debe abandonar el populismo si quiere crecer\u201d, afirm\u00f3.<\/p>\n<\/div>\n<div class=\"body-blogging-article \">\n<p class=\"paragraph\">\u201cSon los valores que llevamos adentro. Quiz\u00e1s han quedado dormidos hoy, pero nosotros los vamos a despertar cada d\u00eda de nuestra lucha por una Argentina productiva y sin pobreza\u201d, agreg\u00f3 la candidata opositora que se ubic\u00f3 tercera en las elecciones generales.<\/p>\n<\/div>\n<div class=\"body-blogging-article \">\n<p class=\"paragraph\">\u201cNunca vamos a ser c\u00f3mplices de las mafias de este pa\u00eds, desde el lugar que me toque no me voy a rendir nunca\u201d, afirm\u00f3. Adem\u00e1s agreg\u00f3 que no iba a felicitar \u201ca qui\u00e9n forma parte del peor gobierno\u201d.<\/p>\n<\/div>\n<div class=\"body-blogging-article \">\n<p class=\"paragraph\">\u201cVamos a tener una oportunidad. Hoy me ha tocado a m\u00ed este lugar, ser\u00e1n otros los que avancen en estos valores, por este camino\u201d, cerr\u00f3 Bullrich.<\/p>\n<p>Fuente: Infobae<\/p>\n<div class=\"body-blogging-btm-line\"><\/div>\n<\/div>\n<\/div>\n<div id=\"parrafo_1\" class=\"body-blogging-container\">\n<div class=\"body-blogging-time-line\">\n<div class=\"body-blogging-figures\">\n<div class=\"body-blogging-figures-big-circle\">\n<div class=\"body-blogging-figures-sm-circle\"><\/div>\n<\/div>\n<div class=\"body-blogging-figures-line\"><\/div>\n<\/div>\n<\/div>\n<div class=\"body-blogging-article body-blogging-article-title\">\n<h2 class=\"header body-blogging-sub-header\">Schiaretti celebr\u00f3 haber puesto en agenda el federalismo<\/h2>\n<div class=\"body-blogging-article \">\n<p class=\"paragraph\">El candidato a presidente del frente Hacemos por Nuestro Pa\u00eds, y gobernador de C\u00f3rdoba,\u00a0<b>Juan Schiaretti<\/b>, habl\u00f3 desde su b\u00fanker luego de las elecciones generales. Destac\u00f3 que con su participaci\u00f3n en estas elecciones se puso en la agenda nacional el \u201cmodelo de gesti\u00f3n C\u00f3rdoba\u201d, que representa \u201cel federalismo y la cultura de la producci\u00f3n y del trabajo\u201d.<\/p>\n<\/div>\n<div class=\"body-blogging-article \">\n<p class=\"paragraph\">El mandatario cordob\u00e9s, que obtuvo un 7% de los votos afirmativos, se manifest\u00f3 conforme con su performance electoral al resaltar que \u201cnos permite ganar tres diputados nacionales\u201d, de uno que pon\u00eda en juego, al hablar esta noche a los cordobeses desde el bunker de esa coalici\u00f3n que hab\u00eda montado en la ciudad de C\u00f3rdoba, acompa\u00f1ado por su compa\u00f1ero de f\u00f3rmula\u00a0<b>Florencio Randazzo<\/b>..<\/p>\n<p>&nbsp;<\/p>\n<\/div>\n<\/div>\n<\/div>\n","protected":false},"excerpt":{"rendered":"<p>El candidato de Uni\u00f3n por la Patria, Sergio Massa, disputar\u00e1 la Presidencia con el representante de la Libertad Avanza, Javier<\/p>\n","protected":false},"author":3,"featured_media":64817,"comment_status":"closed","ping_status":"closed","sticky":false,"template":"","format":"standard","meta":{"_acf_changed":false,"_seopress_robots_primary_cat":"none","_seopress_titles_title":"","_seopress_titles_desc":"","_seopress_robots_index":"","colormag_page_container_layout":"default_layout","colormag_page_sidebar_layout":"default_layout","footnotes":""},"categories":[1],"tags":[],"class_list":["post-64814","post","type-post","status-publish","format-standard","has-post-thumbnail","hentry","category-destacadas"],"acf":[],"_links":{"self":[{"href":"https:\/\/vocesparalelas.com.ar\/sitio\/wp-json\/wp\/v2\/posts\/64814","targetHints":{"allow":["GET"]}}],"collection":[{"href":"https:\/\/vocesparalelas.com.ar\/sitio\/wp-json\/wp\/v2\/posts"}],"about":[{"href":"https:\/\/vocesparalelas.com.ar\/sitio\/wp-json\/wp\/v2\/types\/post"}],"author":[{"embeddable":true,"href":"https:\/\/vocesparalelas.com.ar\/sitio\/wp-json\/wp\/v2\/users\/3"}],"replies":[{"embeddable":true,"href":"https:\/\/vocesparalelas.com.ar\/sitio\/wp-json\/wp\/v2\/comments?post=64814"}],"version-history":[{"count":1,"href":"https:\/\/vocesparalelas.com.ar\/sitio\/wp-json\/wp\/v2\/posts\/64814\/revisions"}],"predecessor-version":[{"id":64818,"href":"https:\/\/vocesparalelas.com.ar\/sitio\/wp-json\/wp\/v2\/posts\/64814\/revisions\/64818"}],"wp:featuredmedia":[{"embeddable":true,"href":"https:\/\/vocesparalelas.com.ar\/sitio\/wp-json\/wp\/v2\/media\/64817"}],"wp:attachment":[{"href":"https:\/\/vocesparalelas.com.ar\/sitio\/wp-json\/wp\/v2\/media?parent=64814"}],"wp:term":[{"taxonomy":"category","embeddable":true,"href":"https:\/\/vocesparalelas.com.ar\/sitio\/wp-json\/wp\/v2\/categories?post=64814"},{"taxonomy":"post_tag","embeddable":true,"href":"https:\/\/vocesparalelas.com.ar\/sitio\/wp-json\/wp\/v2\/tags?post=64814"}],"curies":[{"name":"wp","href":"https:\/\/api.w.org\/{rel}","templated":true}]}}