{"id":64811,"date":"2023-10-22T14:21:06","date_gmt":"2023-10-22T17:21:06","guid":{"rendered":"https:\/\/vocesparalelas.com.ar\/sitio\/?p=64811"},"modified":"2023-10-22T23:21:20","modified_gmt":"2023-10-23T02:21:20","slug":"las-elecciones-son-muy-importantes-y-un-desafio","status":"publish","type":"post","link":"https:\/\/vocesparalelas.com.ar\/sitio\/las-elecciones-son-muy-importantes-y-un-desafio\/","title":{"rendered":"\u00abLas Elecciones son muy importantes y un desaf\u00edo\u00bb"},"content":{"rendered":"<p>El jefe de gabinete de la Municipalidad de Santa Luc\u00eda y candidato a Senador Cambia San Juan, Lic. Emilio Achem acompa\u00f1\u00f3 al gobernador electo de San Juan, Dr. Marcelo Orrego, y realiz\u00f3 declaraciones a los Periodistas San Juan, que las Elecciones son muy importantes y un desaf\u00edo.<\/p>\n<p>&nbsp;<\/p>\n<p><iframe loading=\"lazy\" title=\"CAMBIA SAN JUAN LIC EMILIO ACHEM\" width=\"800\" height=\"450\" src=\"https:\/\/www.youtube.com\/embed\/B4t_5LNmByY?feature=oembed\" frameborder=\"0\" allow=\"accelerometer; autoplay; clipboard-write; encrypted-media; gyroscope; picture-in-picture; web-share\" allowfullscreen><\/iframe><\/p>\n<p>&nbsp;<\/p>\n<p>Luego vot\u00f3 en la Escuela Fray Luis Beltr\u00e1n, Departamento Rawson<\/p>\n","protected":false},"excerpt":{"rendered":"<p>El jefe de gabinete de la Municipalidad de Santa Luc\u00eda y candidato a Senador Cambia San Juan, Lic. Emilio Achem<\/p>\n","protected":false},"author":3,"featured_media":64819,"comment_status":"closed","ping_status":"closed","sticky":false,"template":"","format":"standard","meta":{"_acf_changed":false,"_seopress_robots_primary_cat":"none","_seopress_titles_title":"","_seopress_titles_desc":"","_seopress_robots_index":"","colormag_page_container_layout":"default_layout","colormag_page_sidebar_layout":"default_layout","footnotes":""},"categories":[1,7],"tags":[],"class_list":["post-64811","post","type-post","status-publish","format-standard","has-post-thumbnail","hentry","category-destacadas","category-videos"],"acf":[],"_links":{"self":[{"href":"https:\/\/vocesparalelas.com.ar\/sitio\/wp-json\/wp\/v2\/posts\/64811","targetHints":{"allow":["GET"]}}],"collection":[{"href":"https:\/\/vocesparalelas.com.ar\/sitio\/wp-json\/wp\/v2\/posts"}],"about":[{"href":"https:\/\/vocesparalelas.com.ar\/sitio\/wp-json\/wp\/v2\/types\/post"}],"author":[{"embeddable":true,"href":"https:\/\/vocesparalelas.com.ar\/sitio\/wp-json\/wp\/v2\/users\/3"}],"replies":[{"embeddable":true,"href":"https:\/\/vocesparalelas.com.ar\/sitio\/wp-json\/wp\/v2\/comments?post=64811"}],"version-history":[{"count":1,"href":"https:\/\/vocesparalelas.com.ar\/sitio\/wp-json\/wp\/v2\/posts\/64811\/revisions"}],"predecessor-version":[{"id":64820,"href":"https:\/\/vocesparalelas.com.ar\/sitio\/wp-json\/wp\/v2\/posts\/64811\/revisions\/64820"}],"wp:featuredmedia":[{"embeddable":true,"href":"https:\/\/vocesparalelas.com.ar\/sitio\/wp-json\/wp\/v2\/media\/64819"}],"wp:attachment":[{"href":"https:\/\/vocesparalelas.com.ar\/sitio\/wp-json\/wp\/v2\/media?parent=64811"}],"wp:term":[{"taxonomy":"category","embeddable":true,"href":"https:\/\/vocesparalelas.com.ar\/sitio\/wp-json\/wp\/v2\/categories?post=64811"},{"taxonomy":"post_tag","embeddable":true,"href":"https:\/\/vocesparalelas.com.ar\/sitio\/wp-json\/wp\/v2\/tags?post=64811"}],"curies":[{"name":"wp","href":"https:\/\/api.w.org\/{rel}","templated":true}]}}