{"id":64800,"date":"2023-10-22T14:20:55","date_gmt":"2023-10-22T17:20:55","guid":{"rendered":"https:\/\/vocesparalelas.com.ar\/sitio\/?p=64800"},"modified":"2023-10-22T20:59:36","modified_gmt":"2023-10-22T23:59:36","slug":"la-democracia-se-fortalece-con-el-ejercicio-al-voto","status":"publish","type":"post","link":"https:\/\/vocesparalelas.com.ar\/sitio\/la-democracia-se-fortalece-con-el-ejercicio-al-voto\/","title":{"rendered":"\u201cLa democracia se fortalece con el ejercicio al voto\u201d"},"content":{"rendered":"<p>El gobernador de San Juan y candidato a senador nacional del Frente Uni\u00f3n por la Patria, Dr. Sergio U\u00f1ac, lleg\u00f3 pasada la hora 11 al Colegio Froil\u00e1n Ferrero, en la Localidad de Villa Aberastain, Departamento Pocito, para emitir su voto.<\/p>\n<p>Por ello, el mandatario abog\u00f3 por una jornada electoral en la que los sanjuaninos concurran a las urnas para honrar los 40 a\u00f1os de democracia ininterrumpida en el pa\u00eds.<\/p>\n<p>\u201cEstoy contento de poder emitir el voto esperando que tengamos una alta participaci\u00f3n, porque m\u00e1s all\u00e1 de los problemas, la democracia se fortalece con el ejercicio al voto, por eso convocamos a todos a emitir su voto\u201d, dijo U\u00f1ac a la prensa apenas lleg\u00f3 a la puerta de la escuela.<\/p>\n<p>Cont\u00f3 que a esa hora se hab\u00eda registrado m\u00e1s alta participaci\u00f3n en el interior que en el Gran San Juan. \u201cVislumbramos que habr\u00e1 una importante participaci\u00f3n, ha llegado el momento de elegir presidente, no s\u00e9 si habr\u00e1 escenario de balotaje, no es momento de analizarlo, pero s\u00ed habr\u00e1 m\u00e1s participaci\u00f3n que en las PASO\u201d.<\/p>\n<p>U\u00f1ac destac\u00f3 que San Juan ha mostrado una gesti\u00f3n eficaz durante las \u00faltimas dos d\u00e9cadas. \u201cTe puede gustar o no un modelo de gesti\u00f3n, pero esta es una provincia que ha crecido, no me puedo explayar m\u00e1s por la veda, pero ha sido una provincia m\u00e1s eficaz que otras\u201d.<\/p>\n<p>Tambi\u00e9n habl\u00f3 de las renovaciones y de ciclos que se cierran que \u201chay que mirar con naturalidad\u201d.<\/p>\n<p>\u201cLa democracia es el sistema, no hay otro. Seguramente hay que perfeccionarlo, tenemos que ser m\u00e1s efectivos quienes tenemos la posibilidad de definir el destino de muchos. Pero marca que en 40 a\u00f1os hubo realizaciones y deudas de la democracia con la sociedad. Nos falta m\u00e1s apego con los derechos, pero quiero ver siempre la mitad del vaso lleno, siempre he sido optimista a\u00fan con realidades que no ha sido afines a lo que quer\u00eda, sin embargo, nunca perd\u00ed el optimismo y con ese optimismo convoco a todos a votar a definir por quienes quieran para que los sanjuaninos tengan representantes en el Congreso Nacional y que todos los argentinos tengamos un presidente que marque un nuevo rumbo para el pa\u00eds\u201d, asegur\u00f3 el gobernador.<\/p>\n<p>Consultado nuevamente por un posible balotaje, U\u00f1ac admiti\u00f3 que \u201ctodo indicar\u00eda que puede haber balotaje, pero hay que esperar que el pueblo se exprese y esperar los resultados. A partir de ah\u00ed tendremos alguna definici\u00f3n, a priori podr\u00eda haber balotaje\u201d.<\/p>\n<p>Tambi\u00e9n cont\u00f3 que anoche se comunic\u00f3 con Sergio Massa, candidato a presidente del frente Uni\u00f3n por la Patria, e intercambiaron mensajes de aliento mutuo.<\/p>\n<p>El mandatario adelant\u00f3 que el recuento de votos ser\u00eda r\u00e1pido y a las 21 deber\u00eda haber resultados provisorios.<\/p>\n<p>Finalmente, U\u00f1ac puso su voto en la urna de la mesa 1413.<\/p>\n<p><iframe loading=\"lazy\" title=\"Sergio U\u00f1ac vot\u00f3 en Pocito \u201cLa democracia se fortalece con el ejercicio al voto\u201d\" width=\"800\" height=\"450\" src=\"https:\/\/www.youtube.com\/embed\/RB3NsbuU2K8?feature=oembed\" frameborder=\"0\" allow=\"accelerometer; autoplay; clipboard-write; encrypted-media; gyroscope; picture-in-picture; web-share\" allowfullscreen><\/iframe><\/p>\n<p>&nbsp;<\/p>\n<p>&nbsp;<\/p>\n","protected":false},"excerpt":{"rendered":"<p>El gobernador de San Juan y candidato a senador nacional del Frente Uni\u00f3n por la Patria, Dr. Sergio U\u00f1ac, lleg\u00f3<\/p>\n","protected":false},"author":3,"featured_media":64803,"comment_status":"closed","ping_status":"closed","sticky":false,"template":"","format":"standard","meta":{"_acf_changed":false,"_seopress_robots_primary_cat":"none","_seopress_titles_title":"","_seopress_titles_desc":"","_seopress_robots_index":"","colormag_page_container_layout":"default_layout","colormag_page_sidebar_layout":"default_layout","footnotes":""},"categories":[1,7],"tags":[],"class_list":["post-64800","post","type-post","status-publish","format-standard","has-post-thumbnail","hentry","category-destacadas","category-videos"],"acf":[],"_links":{"self":[{"href":"https:\/\/vocesparalelas.com.ar\/sitio\/wp-json\/wp\/v2\/posts\/64800","targetHints":{"allow":["GET"]}}],"collection":[{"href":"https:\/\/vocesparalelas.com.ar\/sitio\/wp-json\/wp\/v2\/posts"}],"about":[{"href":"https:\/\/vocesparalelas.com.ar\/sitio\/wp-json\/wp\/v2\/types\/post"}],"author":[{"embeddable":true,"href":"https:\/\/vocesparalelas.com.ar\/sitio\/wp-json\/wp\/v2\/users\/3"}],"replies":[{"embeddable":true,"href":"https:\/\/vocesparalelas.com.ar\/sitio\/wp-json\/wp\/v2\/comments?post=64800"}],"version-history":[{"count":1,"href":"https:\/\/vocesparalelas.com.ar\/sitio\/wp-json\/wp\/v2\/posts\/64800\/revisions"}],"predecessor-version":[{"id":64804,"href":"https:\/\/vocesparalelas.com.ar\/sitio\/wp-json\/wp\/v2\/posts\/64800\/revisions\/64804"}],"wp:featuredmedia":[{"embeddable":true,"href":"https:\/\/vocesparalelas.com.ar\/sitio\/wp-json\/wp\/v2\/media\/64803"}],"wp:attachment":[{"href":"https:\/\/vocesparalelas.com.ar\/sitio\/wp-json\/wp\/v2\/media?parent=64800"}],"wp:term":[{"taxonomy":"category","embeddable":true,"href":"https:\/\/vocesparalelas.com.ar\/sitio\/wp-json\/wp\/v2\/categories?post=64800"},{"taxonomy":"post_tag","embeddable":true,"href":"https:\/\/vocesparalelas.com.ar\/sitio\/wp-json\/wp\/v2\/tags?post=64800"}],"curies":[{"name":"wp","href":"https:\/\/api.w.org\/{rel}","templated":true}]}}