{"id":64769,"date":"2023-10-20T20:46:38","date_gmt":"2023-10-20T23:46:38","guid":{"rendered":"https:\/\/vocesparalelas.com.ar\/sitio\/?p=64769"},"modified":"2023-10-20T23:46:54","modified_gmt":"2023-10-21T02:46:54","slug":"san-juan-votan-608-535-electores-en-una-distribucion-en-1-810-mesas-elecciones-2023","status":"publish","type":"post","link":"https:\/\/vocesparalelas.com.ar\/sitio\/san-juan-votan-608-535-electores-en-una-distribucion-en-1-810-mesas-elecciones-2023\/","title":{"rendered":"San Juan votan 608.535 electores en una distribuci\u00f3n en 1.810 mesas \u00abElecciones 2023\u00bb"},"content":{"rendered":"<p>El Domingo, 22 de Octubre se celebra en el pa\u00eds un nuevo acto eleccionario para elegir Presidente de la Naci\u00f3n y diputados y senadores provinciales.<\/p>\n<p>Con un total de 608.535 electores habilitados, las elecciones se desarrollar\u00e1n en 1.810 mesas distribuidas en 237 escuelas en toda la geograf\u00eda provincial.<\/p>\n<p>Para garantizar el normal desarrollo del acto eleccionario, la Secretar\u00eda de Estado de Seguridad en conjunto con el Tribunal Electoral y la Polic\u00eda de San Juan, pondr\u00e1n en marcha un importante dispositivo estrat\u00e9gico de prevenci\u00f3n y seguridad en las elecciones provinciales.<\/p>\n<p><strong><span style=\"color: #339966;\">Votantes y mesas por departamentos<\/span><\/strong><\/p>\n<ul>\n<li>Capital: 94.024 electores; 284 mesas<\/li>\n<li>Santa Luc\u00eda: 45.029 electores; 132 mesas<\/li>\n<li>Chimbas: 73.563 electores; 212 mesas<\/li>\n<li>Rivadavia: 75.286 electores; 219 mesas<\/li>\n<li>Zonda: 4.797 electores; 14 mesas<\/li>\n<li>Rawson: 100.527 electores; 291 mesas<\/li>\n<li>9 de Julio: 9.488 electores; 28 mesas<\/li>\n<li>San Mart\u00edn: 10.475 electores; 32 mesas<\/li>\n<li>Angaco: 8.340 electores; 27 mesas<\/li>\n<li>Albard\u00f3n: 22.511 electores; 69 mesas<\/li>\n<li>Ullum: 4.778 electores; 14 mesas<\/li>\n<li>Pocito: 45.586 electores; 146 mesas<\/li>\n<li>Sarmiento: 19.691 electores; 62 mesas<\/li>\n<li>25 de Mayo: 14.921 electores; 46 mesas<\/li>\n<li>Caucete: 31.867 electores; 95 mesas<\/li>\n<li>Valle F\u00e9rtil: 6.870 electores; 23 mesas<\/li>\n<li>J\u00e1chal: 20.045 electores; 65 mesas<\/li>\n<li>Iglesia: 8.009 electores; 25 mesas<\/li>\n<li>Calingasta: 8.728 electores; 26 mesas<\/li>\n<\/ul>\n<p>Las cifras totales son: 19 secciones, 145 circuitos, 237 establecimientos, 1.810 mesas y 608.535 electores en la provincia.<\/p>\n<p>&nbsp;<\/p>\n<p>&nbsp;<\/p>\n","protected":false},"excerpt":{"rendered":"<p>El Domingo, 22 de Octubre se celebra en el pa\u00eds un nuevo acto eleccionario para elegir Presidente de la Naci\u00f3n<\/p>\n","protected":false},"author":3,"featured_media":6451,"comment_status":"closed","ping_status":"closed","sticky":false,"template":"","format":"standard","meta":{"_acf_changed":false,"_seopress_robots_primary_cat":"none","_seopress_titles_title":"","_seopress_titles_desc":"","_seopress_robots_index":"","colormag_page_container_layout":"default_layout","colormag_page_sidebar_layout":"default_layout","footnotes":""},"categories":[1],"tags":[],"class_list":["post-64769","post","type-post","status-publish","format-standard","has-post-thumbnail","hentry","category-destacadas"],"acf":[],"_links":{"self":[{"href":"https:\/\/vocesparalelas.com.ar\/sitio\/wp-json\/wp\/v2\/posts\/64769","targetHints":{"allow":["GET"]}}],"collection":[{"href":"https:\/\/vocesparalelas.com.ar\/sitio\/wp-json\/wp\/v2\/posts"}],"about":[{"href":"https:\/\/vocesparalelas.com.ar\/sitio\/wp-json\/wp\/v2\/types\/post"}],"author":[{"embeddable":true,"href":"https:\/\/vocesparalelas.com.ar\/sitio\/wp-json\/wp\/v2\/users\/3"}],"replies":[{"embeddable":true,"href":"https:\/\/vocesparalelas.com.ar\/sitio\/wp-json\/wp\/v2\/comments?post=64769"}],"version-history":[{"count":1,"href":"https:\/\/vocesparalelas.com.ar\/sitio\/wp-json\/wp\/v2\/posts\/64769\/revisions"}],"predecessor-version":[{"id":64772,"href":"https:\/\/vocesparalelas.com.ar\/sitio\/wp-json\/wp\/v2\/posts\/64769\/revisions\/64772"}],"wp:featuredmedia":[{"embeddable":true,"href":"https:\/\/vocesparalelas.com.ar\/sitio\/wp-json\/wp\/v2\/media\/6451"}],"wp:attachment":[{"href":"https:\/\/vocesparalelas.com.ar\/sitio\/wp-json\/wp\/v2\/media?parent=64769"}],"wp:term":[{"taxonomy":"category","embeddable":true,"href":"https:\/\/vocesparalelas.com.ar\/sitio\/wp-json\/wp\/v2\/categories?post=64769"},{"taxonomy":"post_tag","embeddable":true,"href":"https:\/\/vocesparalelas.com.ar\/sitio\/wp-json\/wp\/v2\/tags?post=64769"}],"curies":[{"name":"wp","href":"https:\/\/api.w.org\/{rel}","templated":true}]}}