{"id":64765,"date":"2023-10-20T20:41:32","date_gmt":"2023-10-20T23:41:32","guid":{"rendered":"https:\/\/vocesparalelas.com.ar\/sitio\/?p=64765"},"modified":"2023-10-20T23:41:44","modified_gmt":"2023-10-21T02:41:44","slug":"servicio-de-transporte-publico-gratuito-en-san-juan-durante-las-elecciones-2023","status":"publish","type":"post","link":"https:\/\/vocesparalelas.com.ar\/sitio\/servicio-de-transporte-publico-gratuito-en-san-juan-durante-las-elecciones-2023\/","title":{"rendered":"Servicio de transporte p\u00fablico gratuito en San Juan durante las Elecciones 2023"},"content":{"rendered":"<p>El Minsterio de Transporte de la Naci\u00f3n y el Ministerio de Gobierno de la provincia de San Juan seg\u00fan el documento acordado por las partes deja establecida la gratuidad del servicio de transporte p\u00fablico automotor urbano para el Domingo, 22 de Octubre, con motivo de garantizar el pleno ejercicio de la poblaci\u00f3n en el marco de las elecciones nacionales 2023.<\/p>\n<p>La medida rige para tramos de corta y media distancia, y funciona con frecuencias reducidas, como lo hace habitualmente los Domingo.<\/p>\n<p><img loading=\"lazy\" decoding=\"async\" class=\"alignnone size-full wp-image-59068\" src=\"https:\/\/vocesparalelas.com.ar\/sitio\/wp-content\/uploads\/2023\/05\/ELECCIONES-02.jpg\" alt=\"\" width=\"800\" height=\"533\" srcset=\"https:\/\/vocesparalelas.com.ar\/sitio\/wp-content\/uploads\/2023\/05\/ELECCIONES-02.jpg 800w, https:\/\/vocesparalelas.com.ar\/sitio\/wp-content\/uploads\/2023\/05\/ELECCIONES-02-300x200.jpg 300w, https:\/\/vocesparalelas.com.ar\/sitio\/wp-content\/uploads\/2023\/05\/ELECCIONES-02-768x512.jpg 768w\" sizes=\"auto, (max-width: 800px) 100vw, 800px\" \/><\/p>\n","protected":false},"excerpt":{"rendered":"<p>El Minsterio de Transporte de la Naci\u00f3n y el Ministerio de Gobierno de la provincia de San Juan seg\u00fan el<\/p>\n","protected":false},"author":3,"featured_media":60984,"comment_status":"closed","ping_status":"closed","sticky":false,"template":"","format":"standard","meta":{"_acf_changed":false,"_seopress_robots_primary_cat":"none","_seopress_titles_title":"","_seopress_titles_desc":"","_seopress_robots_index":"","colormag_page_container_layout":"default_layout","colormag_page_sidebar_layout":"default_layout","footnotes":""},"categories":[1],"tags":[],"class_list":["post-64765","post","type-post","status-publish","format-standard","has-post-thumbnail","hentry","category-destacadas"],"acf":[],"_links":{"self":[{"href":"https:\/\/vocesparalelas.com.ar\/sitio\/wp-json\/wp\/v2\/posts\/64765","targetHints":{"allow":["GET"]}}],"collection":[{"href":"https:\/\/vocesparalelas.com.ar\/sitio\/wp-json\/wp\/v2\/posts"}],"about":[{"href":"https:\/\/vocesparalelas.com.ar\/sitio\/wp-json\/wp\/v2\/types\/post"}],"author":[{"embeddable":true,"href":"https:\/\/vocesparalelas.com.ar\/sitio\/wp-json\/wp\/v2\/users\/3"}],"replies":[{"embeddable":true,"href":"https:\/\/vocesparalelas.com.ar\/sitio\/wp-json\/wp\/v2\/comments?post=64765"}],"version-history":[{"count":1,"href":"https:\/\/vocesparalelas.com.ar\/sitio\/wp-json\/wp\/v2\/posts\/64765\/revisions"}],"predecessor-version":[{"id":64768,"href":"https:\/\/vocesparalelas.com.ar\/sitio\/wp-json\/wp\/v2\/posts\/64765\/revisions\/64768"}],"wp:featuredmedia":[{"embeddable":true,"href":"https:\/\/vocesparalelas.com.ar\/sitio\/wp-json\/wp\/v2\/media\/60984"}],"wp:attachment":[{"href":"https:\/\/vocesparalelas.com.ar\/sitio\/wp-json\/wp\/v2\/media?parent=64765"}],"wp:term":[{"taxonomy":"category","embeddable":true,"href":"https:\/\/vocesparalelas.com.ar\/sitio\/wp-json\/wp\/v2\/categories?post=64765"},{"taxonomy":"post_tag","embeddable":true,"href":"https:\/\/vocesparalelas.com.ar\/sitio\/wp-json\/wp\/v2\/tags?post=64765"}],"curies":[{"name":"wp","href":"https:\/\/api.w.org\/{rel}","templated":true}]}}