{"id":64759,"date":"2023-10-20T21:34:15","date_gmt":"2023-10-21T00:34:15","guid":{"rendered":"https:\/\/vocesparalelas.com.ar\/sitio\/?p=64759"},"modified":"2023-10-22T23:48:33","modified_gmt":"2023-10-23T02:48:33","slug":"deben-presentar-factura-octubre-2023-contratados-de-educacion-de-san-juan","status":"publish","type":"post","link":"https:\/\/vocesparalelas.com.ar\/sitio\/deben-presentar-factura-octubre-2023-contratados-de-educacion-de-san-juan\/","title":{"rendered":"Deben presentar factura \u00abOctubre 2023\u00bb Contratados de Educaci\u00f3n de San Juan"},"content":{"rendered":"<p>El Ministerio de Educaci\u00f3n del Gobierno de San Juan informa que las personas que poseen Contratos Administrativos de Servicios de Colaboraci\u00f3n, deber\u00e1n presentar la Factura Electr\u00f3nica correspondiente al mes de Octubre 2023. La factura podr\u00e1 realizarse a partir del d\u00eda 23 de octubre y debe ser presentada en la Isla del Centro C\u00edvico, planta baja, con sus firmas respectivas, de acuerdo al siguiente cronograma.<\/p>\n<p><span style=\"color: #ff6600;\"><strong>Servicios Generales (Porteros)<\/strong><\/span><\/p>\n<p>&nbsp;<\/p>\n<p><img loading=\"lazy\" decoding=\"async\" class=\"alignnone size-full wp-image-64762\" src=\"https:\/\/vocesparalelas.com.ar\/sitio\/wp-content\/uploads\/2023\/10\/PORTEROS-OCTUBRE.jpg\" alt=\"\" width=\"800\" height=\"218\" srcset=\"https:\/\/vocesparalelas.com.ar\/sitio\/wp-content\/uploads\/2023\/10\/PORTEROS-OCTUBRE.jpg 800w, https:\/\/vocesparalelas.com.ar\/sitio\/wp-content\/uploads\/2023\/10\/PORTEROS-OCTUBRE-300x82.jpg 300w, https:\/\/vocesparalelas.com.ar\/sitio\/wp-content\/uploads\/2023\/10\/PORTEROS-OCTUBRE-768x209.jpg 768w\" sizes=\"auto, (max-width: 800px) 100vw, 800px\" \/><\/p>\n<p><strong><u>Zonas Alejadas<\/u><\/strong><\/p>\n<p>Las personas contratadas (porteros y administrativos) que viven en los departamentos de: Calingasta, Iglesia, J\u00e1chal y Valle F\u00e9rtil\u00a0deben acudir al establecimiento en el que prestan servicios a entregar factura y firmar la Adenda de septiembre 2023. Tienen que llevar el DNI y una lapicera azul, de acuerdo al siguiente cronograma:<\/p>\n<p>&nbsp;<\/p>\n<p><img loading=\"lazy\" decoding=\"async\" class=\"alignnone size-full wp-image-64763\" src=\"https:\/\/vocesparalelas.com.ar\/sitio\/wp-content\/uploads\/2023\/10\/PORTEROS-OCTUBRE-01.jpg\" alt=\"\" width=\"800\" height=\"272\" srcset=\"https:\/\/vocesparalelas.com.ar\/sitio\/wp-content\/uploads\/2023\/10\/PORTEROS-OCTUBRE-01.jpg 800w, https:\/\/vocesparalelas.com.ar\/sitio\/wp-content\/uploads\/2023\/10\/PORTEROS-OCTUBRE-01-300x102.jpg 300w, https:\/\/vocesparalelas.com.ar\/sitio\/wp-content\/uploads\/2023\/10\/PORTEROS-OCTUBRE-01-768x261.jpg 768w\" sizes=\"auto, (max-width: 800px) 100vw, 800px\" \/><\/p>\n<p><strong><u>Las FACTURAS DEBER\u00c1N SER ELECTR\u00d3NICAS Y CONFECCIONADAS DE LA SIGUIENTE MANERA:<\/u><\/strong><\/p>\n<p><strong><u>FACTURA MES DE Octubre 2023:<\/u><\/strong><\/p>\n<ul>\n<li><u>FECHA DE EMISI\u00d3N<\/u>:\u00a0<strong>31\/10\/2023<\/strong><\/li>\n<li><u>PERIODO FACTURADO:\u00a0<\/u>DESDE EL\u00a0<strong>01\/10\/2023<\/strong>\u00a0HASTA EL\u00a0<strong>31\/10\/2023<\/strong>.<\/li>\n<li><u>VENCIMIENTO<\/u>:\u00a0<strong>30\/11\/2023<\/strong><\/li>\n<li><u>CUIT GOBIERNO DE LA PROVINCIA<\/u>: 30-99901516-2<\/li>\n<li><u>CONDICI\u00d3N FRENTE AL IVA:\u00a0<\/u>IVA SUJETO EXENTO<\/li>\n<li><u>CONDICI\u00d3N DE VENTA:\u00a0<\/u>OTRA<\/li>\n<li><u>DETALLE:<\/u>\u00a0Pago de honorarios por Contrato Administrativo de Servicio de Colaboraci\u00f3n mes de OCTUBRE de 2023.-<\/li>\n<li><u>MONTO A FACTURAR<\/u>: (PARA PORTEROS):\u00a0<strong>$120.000,00.-<\/strong><\/li>\n<\/ul>\n<p><u>CONFORMACI\u00d3N DE FACTURA<\/u>: Al Dorso de la factura (en la parte de atr\u00e1s) deber\u00e1 colocar lo siguiente:<\/p>\n<p>\u201cART\u00cdCULOS 6\u00b0 Y 11\u00ba LEY N\u00ba 793-A. CL\u00c1USULA CUARTA DEL CONTRATO ADMINISTRATIVO DE SERVICIOS DE COLABORACI\u00d3N\u201d.<\/p>\n<p><strong>SAN JUAN, 31\/10\/2023<\/strong>. \u2013<\/p>\n<p>Firma y sello del directivo<\/p>\n<p><strong>Presentaci\u00f3n de Seguro:<\/strong>\u00a0constancia de pago de agosto 2023. Fotocopia legible con datos del asegurado (nombre y apellido), legalizada en el frente por el directivo. En caso de presentar el comprobante de pago emitido por el seguro, el mismo debe tener fecha de octubre 2023. Sin excepci\u00f3n<\/p>\n<p><strong>ADMINISTRATIVOS:<\/strong>\u00a0Presentar\u00e1n la factura en la Oficina de Personal Administrativo con el monto correspondiente a cada contrato, el 24, 25 y 26 de octubre de 2023, en horario de 07:30 a 13:30 horas.<\/p>\n<p>&nbsp;<\/p>\n<p><img loading=\"lazy\" decoding=\"async\" class=\"alignnone size-full wp-image-28629\" src=\"https:\/\/vocesparalelas.com.ar\/sitio\/wp-content\/uploads\/2020\/05\/MINISTERIO-EDUCACION-SJ.jpg\" alt=\"\" width=\"800\" height=\"533\" srcset=\"https:\/\/vocesparalelas.com.ar\/sitio\/wp-content\/uploads\/2020\/05\/MINISTERIO-EDUCACION-SJ.jpg 800w, https:\/\/vocesparalelas.com.ar\/sitio\/wp-content\/uploads\/2020\/05\/MINISTERIO-EDUCACION-SJ-300x200.jpg 300w, https:\/\/vocesparalelas.com.ar\/sitio\/wp-content\/uploads\/2020\/05\/MINISTERIO-EDUCACION-SJ-768x512.jpg 768w\" sizes=\"auto, (max-width: 800px) 100vw, 800px\" \/><\/p>\n<p>&nbsp;<\/p>\n","protected":false},"excerpt":{"rendered":"<p>El Ministerio de Educaci\u00f3n del Gobierno de San Juan informa que las personas que poseen Contratos Administrativos de Servicios de<\/p>\n","protected":false},"author":3,"featured_media":37957,"comment_status":"closed","ping_status":"closed","sticky":false,"template":"","format":"standard","meta":{"_acf_changed":false,"_seopress_robots_primary_cat":"none","_seopress_titles_title":"","_seopress_titles_desc":"","_seopress_robots_index":"","colormag_page_container_layout":"default_layout","colormag_page_sidebar_layout":"default_layout","footnotes":""},"categories":[2],"tags":[],"class_list":["post-64759","post","type-post","status-publish","format-standard","has-post-thumbnail","hentry","category-convocatorias"],"acf":[],"_links":{"self":[{"href":"https:\/\/vocesparalelas.com.ar\/sitio\/wp-json\/wp\/v2\/posts\/64759","targetHints":{"allow":["GET"]}}],"collection":[{"href":"https:\/\/vocesparalelas.com.ar\/sitio\/wp-json\/wp\/v2\/posts"}],"about":[{"href":"https:\/\/vocesparalelas.com.ar\/sitio\/wp-json\/wp\/v2\/types\/post"}],"author":[{"embeddable":true,"href":"https:\/\/vocesparalelas.com.ar\/sitio\/wp-json\/wp\/v2\/users\/3"}],"replies":[{"embeddable":true,"href":"https:\/\/vocesparalelas.com.ar\/sitio\/wp-json\/wp\/v2\/comments?post=64759"}],"version-history":[{"count":1,"href":"https:\/\/vocesparalelas.com.ar\/sitio\/wp-json\/wp\/v2\/posts\/64759\/revisions"}],"predecessor-version":[{"id":64764,"href":"https:\/\/vocesparalelas.com.ar\/sitio\/wp-json\/wp\/v2\/posts\/64759\/revisions\/64764"}],"wp:featuredmedia":[{"embeddable":true,"href":"https:\/\/vocesparalelas.com.ar\/sitio\/wp-json\/wp\/v2\/media\/37957"}],"wp:attachment":[{"href":"https:\/\/vocesparalelas.com.ar\/sitio\/wp-json\/wp\/v2\/media?parent=64759"}],"wp:term":[{"taxonomy":"category","embeddable":true,"href":"https:\/\/vocesparalelas.com.ar\/sitio\/wp-json\/wp\/v2\/categories?post=64759"},{"taxonomy":"post_tag","embeddable":true,"href":"https:\/\/vocesparalelas.com.ar\/sitio\/wp-json\/wp\/v2\/tags?post=64759"}],"curies":[{"name":"wp","href":"https:\/\/api.w.org\/{rel}","templated":true}]}}